{"id":10853,"date":"2024-03-13T12:02:19","date_gmt":"2024-03-13T17:02:19","guid":{"rendered":"https:\/\/inforedguanajuato.com\/?p=10853"},"modified":"2024-03-13T12:02:20","modified_gmt":"2024-03-13T17:02:20","slug":"david-martinez-mendizabal-presidene-de-la-comision-de-derechos-humanos-atendio-de-manera-personal-a-las-integrantes-de-la-asociacion-estatal-de-estancias-infantiles","status":"publish","type":"post","link":"https:\/\/inforedguanajuato.com\/?p=10853","title":{"rendered":"DAVID MARTINEZ MENDIZABAL PRESIDENE DE LA COMISION DE DERECHOS HUMANOS ATENDIO DE MANERA PERSONAL A LAS INTEGRANTES DE LA ASOCIACI\u00d3N ESTATAL DE ESTANCIAS INFANTILES."},"content":{"rendered":"<p>Guanajuato, Gto 13 marzo 2024.- representantes de la Asociaci\u00f3n Estatal de Estancias Infantiles SISEIN se reunieron con integrantes de la Comisi\u00f3n de Derechos Humanos y Atenci\u00f3n a Grupos Vulnerables para dialogar sobre su propuesta que busca establecer el SISEIN (Sistema Estatal de Educaci\u00f3n Inicial) y la creaci\u00f3n del Instituto Estatal de Educaci\u00f3n Inicial, como ya es costumbre el \u00fanico diputado que hizo acto de presencia fue el presidente de esta comisi\u00f3n los dem\u00e1s a distancia.<\/p>\n<p>Las asistentes mencionaron que la educaci\u00f3n inicial va de los 0 a los 6 a\u00f1os, y que se busca dar a conocer las necesidades a las que se est\u00e1n enfrentando, as\u00ed como que prevalezca el derecho del menor a la educaci\u00f3n, ya que el Estado es el responsable de implementarla.<\/p>\n<p>Agregaron que la propuesta pretende renovar su sistema de instancias infantiles y poder darles a los ni\u00f1os que requieren, apeg\u00e1ndose a las nuevas tecnolog\u00edas ambientales y de desarrollo para atender a los m\u00e1s de 500 mil ni\u00f1os que hay en la entidad.<\/p>\n<p>Mencionaron que el sistema de educaci\u00f3n inicial contribuye a garantizar el \u00f3ptimo desarrollo de las infancias y ayuda a los padres a laborar con tranquilidad. Precisaron que hasta el momento su asociaci\u00f3n est\u00e1 integrada por 20 estancias infantiles y que sus clientes no pueden pagar servicios de calidad, pero con el apoyo que les den se puede brindar ese servicio.<\/p>\n<p>Hablaron de las condiciones que enfrentan los ni\u00f1os que atienden, indicaron que hay a quienes se les dan f\u00e1rmacos para que se queden dormidos, no est\u00e1n bien alimentados, no tienen refuerzo para su desarrollo, entre otras problem\u00e1ticas.<\/p>\n<p>Finalmente, enfatizaron que ellas tienen el compromiso con la ni\u00f1ez y los legisladores son la llave para proveer un futuro m\u00e1s digno para la infancia.<\/p>\n<p>La diputada Katya Cristina Soto Escamilla se\u00f1al\u00f3 que entend\u00edan que es una gran necesidad la que se tiene, que en este momento no se cuente con estancias infantiles y lamentaban la pol\u00edtica que se tom\u00f3 desde gobierno federal de retirarlas, as\u00ed como ver este tipo de circunstancias.<\/p>\n<p>Puntualiz\u00f3 que se analiz\u00f3 una propuesta, que hoy es una realidad, de un presupuesto para poder apoyarlas de aproximadamente 9 millones de pesos que tiene que ver con las instancias infantiles y pueden ser apoyadas.<\/p>\n<p>Por su parte, el congresista Jos\u00e9 Alfonso Borja Pimentel extern\u00f3 que se pod\u00eda ir con la certeza de que se tiene conocimiento del tema; mientras que el legislador Gustavo Adolfo Alfaro Reyes manifest\u00f3 que s\u00ed se siente la necesidad del apoyo de otras instancias para el sistema de educaci\u00f3n inicial y refiri\u00f3 que cuentan con su apoyo para hacer lo que corresponda desde el Congreso del Estado.<\/p>\n<p>En su participaci\u00f3n, el diputado David Mart\u00ednez Mendiz\u00e1bal indic\u00f3 que el grupo parlamentario de MORENA propuso 35 millones de pesos para las estancias infantiles, pero no fue avalado.  Apunt\u00f3 que es propiamente una modificaci\u00f3n que tiene que ver con el campo de la Comisi\u00f3n de Educaci\u00f3n, Ciencia y Tecnolog\u00eda y Cultura.<\/p>\n<p>Asimismo, coment\u00f3 que se seguir\u00eda el camino de di\u00e1logo con ellas, pero, adem\u00e1s, se comprometi\u00f3 a revisar las reglas de operaci\u00f3n del fondo estatal, as\u00ed como a presentar una iniciativa por parte de su grupo parlamentario para crear el Sistema Estatal de Educaci\u00f3n Inicial.<\/p>\n<p>Bel\u00e9n Ram\u00edrez Hern\u00e1ndez precis\u00f3 que el presupuesto de los 9 millones de pesos es para instancias infantiles en general y no para las de educaci\u00f3n inicial, que les interesa saber c\u00f3mo se iniciar\u00eda con la educaci\u00f3n inicial en la entidad.<\/p>\n<p>Como parte del orden del d\u00eda se aprob\u00f3 el dictamen de dos iniciativas de reforma a la Ley para la Protecci\u00f3n de los Derechos Humanos en el Estado de Guanajuato en materia de regular el procedimiento del Procurador de los Derechos Humanos del Estado, para solicitar al Congreso del Estado el llamado de autoridades o servidores p\u00fablicos que no acepten o incumplan total o parcialmente las recomendaciones en materia de derechos humanos e incorporar elementos formales a la solicitud de comparecencia que formule el citado funcionario.<\/p>\n","protected":false},"excerpt":{"rendered":"<p>Guanajuato, Gto 13 marzo 2024.- representantes de la Asociaci\u00f3n Estatal de Estancias Infantiles SISEIN se reunieron con integrantes de la Comisi\u00f3n de Derechos Humanos y Atenci\u00f3n a Grupos Vulnerables para dialogar sobre su propuesta que busca establecer el SISEIN (Sistema Estatal de Educaci\u00f3n Inicial) y la creaci\u00f3n del Instituto Estatal [&hellip;]<\/p>\n","protected":false},"author":1,"featured_media":10854,"comment_status":"open","ping_status":"open","sticky":false,"template":"","format":"standard","meta":[],"categories":[6],"tags":[],"_links":{"self":[{"href":"https:\/\/inforedguanajuato.com\/index.php?rest_route=\/wp\/v2\/posts\/10853"}],"collection":[{"href":"https:\/\/inforedguanajuato.com\/index.php?rest_route=\/wp\/v2\/posts"}],"about":[{"href":"https:\/\/inforedguanajuato.com\/index.php?rest_route=\/wp\/v2\/types\/post"}],"author":[{"embeddable":true,"href":"https:\/\/inforedguanajuato.com\/index.php?rest_route=\/wp\/v2\/users\/1"}],"replies":[{"embeddable":true,"href":"https:\/\/inforedguanajuato.com\/index.php?rest_route=%2Fwp%2Fv2%2Fcomments&post=10853"}],"version-history":[{"count":1,"href":"https:\/\/inforedguanajuato.com\/index.php?rest_route=\/wp\/v2\/posts\/10853\/revisions"}],"predecessor-version":[{"id":10855,"href":"https:\/\/inforedguanajuato.com\/index.php?rest_route=\/wp\/v2\/posts\/10853\/revisions\/10855"}],"wp:featuredmedia":[{"embeddable":true,"href":"https:\/\/inforedguanajuato.com\/index.php?rest_route=\/wp\/v2\/media\/10854"}],"wp:attachment":[{"href":"https:\/\/inforedguanajuato.com\/index.php?rest_route=%2Fwp%2Fv2%2Fmedia&parent=10853"}],"wp:term":[{"taxonomy":"category","embeddable":true,"href":"https:\/\/inforedguanajuato.com\/index.php?rest_route=%2Fwp%2Fv2%2Fcategories&post=10853"},{"taxonomy":"post_tag","embeddable":true,"href":"https:\/\/inforedguanajuato.com\/index.php?rest_route=%2Fwp%2Fv2%2Ftags&post=10853"}],"curies":[{"name":"wp","href":"https:\/\/api.w.org\/{rel}","templated":true}]}}