{"id":11022,"date":"2024-04-15T13:38:29","date_gmt":"2024-04-15T18:38:29","guid":{"rendered":"https:\/\/inforedguanajuato.com\/?p=11022"},"modified":"2024-04-15T13:38:30","modified_gmt":"2024-04-15T18:38:30","slug":"destacan-la-importancia-del-derecho-a-la-salud-para-todas-las-personas-dialogo-estatal-atencion-medica-y-salud","status":"publish","type":"post","link":"https:\/\/inforedguanajuato.com\/?p=11022","title":{"rendered":"DESTACAN LA IMPORTANCIA DEL DERECHO A LA SALUD PARA TODAS LAS PERSONAS DI\u00c1LOGO ESTATAL \u201cATENCI\u00d3N M\u00c9DICA Y SALUD\u201d."},"content":{"rendered":"<p>Guanajuato, Gto 15 abril 2024. \u2013  Convocado por la LXV Legislatura de la C\u00e1mara de Diputados del Congreso de la Uni\u00f3n se llev\u00f3 a cabo el Foro de Di\u00e1logo Estatal \u201cAtenci\u00f3n M\u00e9dica y Salud\u201d.<\/p>\n<p>Al dar la bienvenida al evento, el diputado David Mart\u00ednez Mendiz\u00e1bal, vicepresidente de la Junta de Gobierno y Coordinaci\u00f3n Pol\u00edtica en representaci\u00f3n del presidente del Congreso del Estado, manifest\u00f3 que en este espacio se discutir\u00edan reformas constitucionales que posteriormente se abordar\u00e1n en el Congreso de la Uni\u00f3n, en materia de atenci\u00f3n m\u00e9dica y salud.<\/p>\n<p>Subray\u00f3 que era urgente la coordinaci\u00f3n de los tres \u00f3rdenes de gobierno para materializar los retos que se tienen en la materia. Habl\u00f3 de la importancia de la salud y coment\u00f3 que se sumaban al llamado de la Organizaci\u00f3n Mundial de la Salud para garantizar un sistema de salud universal, p\u00fablico y gratuito.<\/p>\n<p>El congresista finaliz\u00f3 con una invitaci\u00f3n a reflexionar sobre la salud como un tesoro invaluable que permite disfrutar plenamente de la vida e inst\u00f3 a los presentes a cuestionarse la importancia de actuar ahora para conservar la salud y a unir fuerzas para mejorar la salud de la sociedad.<\/p>\n<p>Por su parte, Emmanuel Reyes Carmona, presidente de la Comisi\u00f3n de Salud de la C\u00e1mara de Diputados del Congreso de la Uni\u00f3n, afirm\u00f3 que se busca eliminar cualquier brecha de desigualdad para poder garantizar la salud oportuna para todas y todos los guanajuatenses.<\/p>\n<p>Destac\u00f3 que estas reformas pretenden beneficiar a todos los ciudadanos y establecer la obligaci\u00f3n del Estado de garantizar la atenci\u00f3n m\u00e9dica integral y universal, as\u00ed como armonizar la Constituci\u00f3n Pol\u00edtica federal con los objetivos de desarrollo sostenible de salud y bienestar, a fin de lograr una cobertura sanitaria universal.<\/p>\n<p>Finalmente, Mois\u00e9s Andrade Quezada, subsecretario de salud estatal, se refiri\u00f3 a las fortalezas del sector salud en Guanajuato, detall\u00f3 los logros alcanzados en la materia y se pronunci\u00f3 por seguir trabajando con diligencia para garantizar que se tengan medicamentos, atenciones quir\u00fargicas y los servicios que la poblaci\u00f3n requiere.<\/p>\n<p>Estuvieron presentes el diputado David Mart\u00ednez Mendiz\u00e1bal, vicepresidente de la Junta de Gobierno y Coordinaci\u00f3n Pol\u00edtica.<\/p>\n<p>Adem\u00e1s, participaron Emmanuel Reyes Carmona, presidente de la Comisi\u00f3n de Salud de la C\u00e1mara de Diputados del Congreso de la Uni\u00f3n; \u00c9ctor Jaime Ram\u00edrez Barba, diputado federal; Mois\u00e9s Andrade Quezada, subsecretario de salud estatal; Javier Potes, presidente del Consorcio Mexicano de Hospitales; Jes\u00fas Felipe Gonz\u00e1lez Rold\u00e1n, miembro del Cuerpo de Gobierno de la Federaci\u00f3n Mundial de Sociedades de Salud P\u00fablica; Jorge Espinoza Fern\u00e1ndez, especialista en Derecho a la Salud; y Jorge Manuel S\u00e1nchez Gonz\u00e1lez, ex secretario del Consejo Nacional de Salud.<\/p>\n","protected":false},"excerpt":{"rendered":"<p>Guanajuato, Gto 15 abril 2024. \u2013 Convocado por la LXV Legislatura de la C\u00e1mara de Diputados del Congreso de la Uni\u00f3n se llev\u00f3 a cabo el Foro de Di\u00e1logo Estatal \u201cAtenci\u00f3n M\u00e9dica y Salud\u201d. Al dar la bienvenida al evento, el diputado David Mart\u00ednez Mendiz\u00e1bal, vicepresidente de la Junta de [&hellip;]<\/p>\n","protected":false},"author":1,"featured_media":11023,"comment_status":"open","ping_status":"open","sticky":false,"template":"","format":"standard","meta":[],"categories":[6],"tags":[],"_links":{"self":[{"href":"https:\/\/inforedguanajuato.com\/index.php?rest_route=\/wp\/v2\/posts\/11022"}],"collection":[{"href":"https:\/\/inforedguanajuato.com\/index.php?rest_route=\/wp\/v2\/posts"}],"about":[{"href":"https:\/\/inforedguanajuato.com\/index.php?rest_route=\/wp\/v2\/types\/post"}],"author":[{"embeddable":true,"href":"https:\/\/inforedguanajuato.com\/index.php?rest_route=\/wp\/v2\/users\/1"}],"replies":[{"embeddable":true,"href":"https:\/\/inforedguanajuato.com\/index.php?rest_route=%2Fwp%2Fv2%2Fcomments&post=11022"}],"version-history":[{"count":1,"href":"https:\/\/inforedguanajuato.com\/index.php?rest_route=\/wp\/v2\/posts\/11022\/revisions"}],"predecessor-version":[{"id":11024,"href":"https:\/\/inforedguanajuato.com\/index.php?rest_route=\/wp\/v2\/posts\/11022\/revisions\/11024"}],"wp:featuredmedia":[{"embeddable":true,"href":"https:\/\/inforedguanajuato.com\/index.php?rest_route=\/wp\/v2\/media\/11023"}],"wp:attachment":[{"href":"https:\/\/inforedguanajuato.com\/index.php?rest_route=%2Fwp%2Fv2%2Fmedia&parent=11022"}],"wp:term":[{"taxonomy":"category","embeddable":true,"href":"https:\/\/inforedguanajuato.com\/index.php?rest_route=%2Fwp%2Fv2%2Fcategories&post=11022"},{"taxonomy":"post_tag","embeddable":true,"href":"https:\/\/inforedguanajuato.com\/index.php?rest_route=%2Fwp%2Fv2%2Ftags&post=11022"}],"curies":[{"name":"wp","href":"https:\/\/api.w.org\/{rel}","templated":true}]}}