{"id":11059,"date":"2024-04-22T16:34:21","date_gmt":"2024-04-22T21:34:21","guid":{"rendered":"https:\/\/inforedguanajuato.com\/?p=11059"},"modified":"2024-04-22T16:34:22","modified_gmt":"2024-04-22T21:34:22","slug":"el-grupo-parlamentario-de-morena-en-el-congreso-de-guanajuato-exige-se-esclarezca-los-hechos-de-violencia-en-los-que-candidatos-de-morena-han-sido-victimas-desde-2018-a-la-fecha-han-sido-asesinados-ci","status":"publish","type":"post","link":"https:\/\/inforedguanajuato.com\/?p=11059","title":{"rendered":"EL GRUPO PARLAMENTARIO DE MORENA EN EL CONGRESO DE GUANAJUATO EXIGE SE ESCLAREZCA LOS HECHOS DE VIOLENCIA EN LOS QUE CANDIDATOS DE MORENA HAN SIDO V\u00cdCTIMAS DESDE 2018 A LA FECHA HAN SIDO ASESINADOS CINCO MILITANTES DE MORENA."},"content":{"rendered":"<p>Guanajuato Gto 22 abril 2024.-Los integrantes del grupo parlamentario de morena, expresaron su solidaridad con su compa\u00f1ero y candidato a regidor al municipio de Irapuato, Jos\u00e9 Eduardo Ram\u00edrez Vergara, quien fue despojado de sus pertenencias por dos sujetos el pasado jueves 18 de abril, previo al debate en donde particip\u00f3 la candidata de morena a la alcald\u00eda de Irapuato, Irma Leticia Gonz\u00e1lez S\u00e1nchez.<br \/>\nEn la reuni\u00f3n, estuvieron presentes los legisladores de morena, el coordinador de la fracci\u00f3n, David Mart\u00ednez Mendiz\u00e1bal, Rafaela Fuentes Rivas, Araceli S\u00e1nchez Soto y Ernesto Mill\u00e1n Soberanes. Dijeron que el grupo parlamentario de morena no puede ser ajeno a los actos de violencia que se siguen incrementando en todo el estado.<br \/>\n\u201cQuienes integramos el grupo parlamentario de morena, nos solidarizamos con nuestro compa\u00f1ero, Jose Eduardo Ram\u00edrez Vergara, secretario particular de la compa\u00f1era diputada con licencia, Irma Leticia Gonz\u00e1lez S\u00e1nchez, ante lo sucedido en su contra, donde Eduardo Ram\u00edrez fue amenazado con arma de fuego por dos sujetos para quitarle sus pertenencias.<br \/>\nAnte estos hechos, nos queda claro el nivel de inseguridad que prevalece en Le\u00f3n, por lo que exigimos que haya un proceso de investigaci\u00f3n que esclarezca quienes fueron los responsables de lo ocurrido y se les castigue conforme a la ley.<br \/>\nEsperamos que el compa\u00f1ero Lalo, reciba la respuesta requerida por parte de las autoridades responsables de investigar los hechos y no sea un caso m\u00e1s donde la omisi\u00f3n de resultados siga siendo cosa de todos los d\u00edas en el estado; no podemos permitir que estos actos se normalicen ya que a cualquier ciudadana o ciudadano colocan en una condici\u00f3n de indefensi\u00f3n y vulneran la paz social\u201d, coment\u00f3 Mill\u00e1n Soberanes.<br \/>\nEn su intervenci\u00f3n David Mart\u00ednez Mendiz\u00e1bal, dijo que las declaraciones del partido acci\u00f3n nacional son lamentables, ya que una vez m\u00e1s vuelven a culpar al partido guinda de los hechos de violencia.<br \/>\n\u201cDe nueva cuenta vuelven a culpar a morena, de haber sido un montaje, de haberse autoatentado y me parece que ese nivel de reflexi\u00f3n es muy censurable porque entonces est\u00e1n victimizando de nueva cuenta y echandole la culpa a las v\u00edctimas de los acontecimientos delictivos que est\u00e1n ocurriendo y lo mismo dijo el gobernador de lo que sucedi\u00f3 en Celaya. Entiendo que las cosas no les est\u00e1n saliendo bien, pero ya basta de echarnos la culpa de los acontecimientos delictivos que est\u00e1n ocurriendo a los miembros de nuestro partido y que a todas luces estos hechos competen al gobierno estatal\u201d, apunt\u00f3 Mart\u00ednez Mendiz\u00e1bal.<br \/>\nFinalmente, los congresistas recordaron que desde el a\u00f1o 2018 a la fecha, han sido asesinados cinco militantes de este instituto pol\u00edtico. \u201cEn el 2018 fue asesinado Jos\u00e9 Remedios Aguirre, (entonces candidato de a la alcald\u00eda de Apaseo el Alto), Sara Yustin Ramos Ruiz y Luis Antonio Acosta V\u00e1zquez, quienes fueron localizados sin vida en el municipio de Abasolo y que colaboraban con el partido.<br \/>\nEn junio de 2023 a la compa\u00f1era Paola Quevedo Arreaga, quien fuera candidata a diputada local en 2021 y recientemente a nuestra candidata de Celaya, Gisela Gayt\u00e1n de quienes las autoridades estatales han dado respuesta de estos asesinatos\u201d.<\/p>\n","protected":false},"excerpt":{"rendered":"<p>Guanajuato Gto 22 abril 2024.-Los integrantes del grupo parlamentario de morena, expresaron su solidaridad con su compa\u00f1ero y candidato a regidor al municipio de Irapuato, Jos\u00e9 Eduardo Ram\u00edrez Vergara, quien fue despojado de sus pertenencias por dos sujetos el pasado jueves 18 de abril, previo al debate en donde particip\u00f3 [&hellip;]<\/p>\n","protected":false},"author":1,"featured_media":11060,"comment_status":"open","ping_status":"open","sticky":false,"template":"","format":"standard","meta":[],"categories":[7],"tags":[],"_links":{"self":[{"href":"https:\/\/inforedguanajuato.com\/index.php?rest_route=\/wp\/v2\/posts\/11059"}],"collection":[{"href":"https:\/\/inforedguanajuato.com\/index.php?rest_route=\/wp\/v2\/posts"}],"about":[{"href":"https:\/\/inforedguanajuato.com\/index.php?rest_route=\/wp\/v2\/types\/post"}],"author":[{"embeddable":true,"href":"https:\/\/inforedguanajuato.com\/index.php?rest_route=\/wp\/v2\/users\/1"}],"replies":[{"embeddable":true,"href":"https:\/\/inforedguanajuato.com\/index.php?rest_route=%2Fwp%2Fv2%2Fcomments&post=11059"}],"version-history":[{"count":1,"href":"https:\/\/inforedguanajuato.com\/index.php?rest_route=\/wp\/v2\/posts\/11059\/revisions"}],"predecessor-version":[{"id":11061,"href":"https:\/\/inforedguanajuato.com\/index.php?rest_route=\/wp\/v2\/posts\/11059\/revisions\/11061"}],"wp:featuredmedia":[{"embeddable":true,"href":"https:\/\/inforedguanajuato.com\/index.php?rest_route=\/wp\/v2\/media\/11060"}],"wp:attachment":[{"href":"https:\/\/inforedguanajuato.com\/index.php?rest_route=%2Fwp%2Fv2%2Fmedia&parent=11059"}],"wp:term":[{"taxonomy":"category","embeddable":true,"href":"https:\/\/inforedguanajuato.com\/index.php?rest_route=%2Fwp%2Fv2%2Fcategories&post=11059"},{"taxonomy":"post_tag","embeddable":true,"href":"https:\/\/inforedguanajuato.com\/index.php?rest_route=%2Fwp%2Fv2%2Ftags&post=11059"}],"curies":[{"name":"wp","href":"https:\/\/api.w.org\/{rel}","templated":true}]}}