{"id":1112,"date":"2019-11-19T22:32:06","date_gmt":"2019-11-20T03:32:06","guid":{"rendered":"http:\/\/inforedguanajuato.com\/?p=1112"},"modified":"2019-11-19T22:36:34","modified_gmt":"2019-11-20T03:36:34","slug":"tendra-la-capital-reglamento-y-policia-para-proteger-al-medioambiente-navarro","status":"publish","type":"post","link":"https:\/\/inforedguanajuato.com\/?p=1112","title":{"rendered":"TENDR\u00c1 LA CAPITAL REGLAMENTO Y POLIC\u00cdA PARA PROTEGER AL MEDIOAMBIENTE: NAVARRO"},"content":{"rendered":"<p><!--more--><\/p>\n<p><strong>Guanajuato, Gto.; 14 de noviembre de 2019.\u2013<\/strong><span style=\"font-style: inherit; font-weight: inherit;\">\u00a0Guanajuato Capital avanza en el tema ambiental con la confecci\u00f3n de un instrumento legal y la creaci\u00f3n de un nuevo grupo polic\u00edaco que valoran, protegen y preservan el patrimonio natural.<\/span><span style=\"font-style: inherit; font-weight: inherit;\">\u00a0<\/span><\/p>\n<p><span style=\"font-style: inherit; font-weight: inherit;\">As\u00ed lo subray\u00f3 el alcalde Alejandro Navarro Salda\u00f1a en la apertura del Foro de Consulta para enriquecer los cap\u00edtulos de la propuesta de Reglamento Municipal de Medio Ambiente, el nuevo instrumento regulador del Municipio que impulsa la regidora ambientalista Ana Bertha Melo Gonz\u00e1lez.<\/span><span style=\"font-style: inherit; font-weight: inherit;\">\u00a0<\/span><\/p>\n<p><span style=\"font-style: inherit; font-weight: inherit;\">\u201cHoy celebramos en este sal\u00f3n Presidentes un Foro de Consulta que sirve para enriquecer la iniciativa de creaci\u00f3n del Reglamento de Medio Ambiente\u201d, clarific\u00f3 el Presidente Municipal en el espacio de an\u00e1lisis al que asistieron la academia, el sector minero y alrededor de 10 asociaciones del \u00e1mbito ecol\u00f3gico.<\/span><span style=\"font-style: inherit; font-weight: inherit;\">\u00a0<\/span><\/p>\n<p><span style=\"font-style: inherit; font-weight: inherit;\">Asimismo, Navarro Salda\u00f1a confirm\u00f3 la voluntad de constituir la Polic\u00eda Ecol\u00f3gica, un equipo especializado de al menos 12 elementos que trabajar\u00e1 en prevenir, perseguir y sancionar actos que atenten contra el medioambiente, como tala de \u00e1rboles o el abandono de escombro.<\/span><span style=\"font-style: inherit; font-weight: inherit;\">\u00a0<\/span><\/p>\n<p><span style=\"font-style: inherit; font-weight: inherit;\">Tras expresar su gratitud por la valiosa participaci\u00f3n de la sociedad civil, reconoci\u00f3 las aportaciones de la regidora presidenta de la Comisi\u00f3n de Medio Ambiente del Honorable Ayuntamiento, Ana Bertha Melo Gonz\u00e1lez.<\/span><span style=\"font-style: inherit; font-weight: inherit;\">\u00a0<\/span><\/p>\n<p><span style=\"font-style: inherit; font-weight: inherit;\">\u201cComo Ciudad Patrimonio no podemos quedarnos atr\u00e1s en el tema medioambiental. Las y los invito a tomar conciencia y emprender acciones determinantes, porque el bienestar de las siguientes generaciones est\u00e1 en nuestras manos\u201d, expres\u00f3 la regidora que organiz\u00f3 este Foro de Consulta.<\/span><span style=\"font-style: inherit; font-weight: inherit;\">\u00a0<\/span><\/p>\n<p><span style=\"font-style: inherit; font-weight: inherit;\">Finalmente, el diputado local Israel Cabrera Barr\u00f3n reconoci\u00f3 al Presidente Municipal como un l\u00edder en la defensor\u00eda de La Bufa. En el Foro participaron asociaciones como Colibr\u00edes, Consejo Ecol\u00f3gico Guanajuatense y Gentileza, entre otras.<\/span><\/p>\n<p>&nbsp;<\/p>\n","protected":false},"excerpt":{"rendered":"","protected":false},"author":1,"featured_media":1113,"comment_status":"open","ping_status":"open","sticky":false,"template":"","format":"standard","meta":[],"categories":[3],"tags":[],"_links":{"self":[{"href":"https:\/\/inforedguanajuato.com\/index.php?rest_route=\/wp\/v2\/posts\/1112"}],"collection":[{"href":"https:\/\/inforedguanajuato.com\/index.php?rest_route=\/wp\/v2\/posts"}],"about":[{"href":"https:\/\/inforedguanajuato.com\/index.php?rest_route=\/wp\/v2\/types\/post"}],"author":[{"embeddable":true,"href":"https:\/\/inforedguanajuato.com\/index.php?rest_route=\/wp\/v2\/users\/1"}],"replies":[{"embeddable":true,"href":"https:\/\/inforedguanajuato.com\/index.php?rest_route=%2Fwp%2Fv2%2Fcomments&post=1112"}],"version-history":[{"count":1,"href":"https:\/\/inforedguanajuato.com\/index.php?rest_route=\/wp\/v2\/posts\/1112\/revisions"}],"predecessor-version":[{"id":1114,"href":"https:\/\/inforedguanajuato.com\/index.php?rest_route=\/wp\/v2\/posts\/1112\/revisions\/1114"}],"wp:featuredmedia":[{"embeddable":true,"href":"https:\/\/inforedguanajuato.com\/index.php?rest_route=\/wp\/v2\/media\/1113"}],"wp:attachment":[{"href":"https:\/\/inforedguanajuato.com\/index.php?rest_route=%2Fwp%2Fv2%2Fmedia&parent=1112"}],"wp:term":[{"taxonomy":"category","embeddable":true,"href":"https:\/\/inforedguanajuato.com\/index.php?rest_route=%2Fwp%2Fv2%2Fcategories&post=1112"},{"taxonomy":"post_tag","embeddable":true,"href":"https:\/\/inforedguanajuato.com\/index.php?rest_route=%2Fwp%2Fv2%2Ftags&post=1112"}],"curies":[{"name":"wp","href":"https:\/\/api.w.org\/{rel}","templated":true}]}}