{"id":11690,"date":"2024-08-28T19:46:15","date_gmt":"2024-08-29T00:46:15","guid":{"rendered":"https:\/\/inforedguanajuato.com\/?p=11690"},"modified":"2024-08-28T19:46:16","modified_gmt":"2024-08-29T00:46:16","slug":"la-aplanadora-de-la-4t","status":"publish","type":"post","link":"https:\/\/inforedguanajuato.com\/?p=11690","title":{"rendered":"LA APLANADORA DE LA 4T"},"content":{"rendered":"<p>Ciudad de M\u00e9xico; 28  agosto 2024.-El Tribunal Electoral del Poder Judicial de la Federaci\u00f3n tampoco encontr\u00f3 alguna raz\u00f3n legal para no ratificar la decisi\u00f3n del INE de otorgar a Morena y sus aliados mayor\u00eda calificada en la C\u00e1mara de Diputados, con lo que tendr\u00e1n el poder absoluto durante los pr\u00f3ximos tres a\u00f1os para lo que quiera y mande la pr\u00f3xima presidenta de la Rep\u00fablica.<\/p>\n<p>La pol\u00e9mica para definir la llamada sobrerrepresentaci\u00f3n quedar\u00e1 para la historia, pero con todo y argumentaciones en contra y las impugnaciones del PRI y el PAN, la bancada oficialista se quedar\u00e1 con sus 364 curules (Morena 236 diputados y ser\u00e1 la primera fuerza; el PVEM, 77, y el PT, 51).<\/p>\n<p>Ricardo Monreal, pastor de los morenistas, no tendr\u00e1 que batallar como lo hizo en el Senado para sacar las iniciativas presidenciales, pero es un pol\u00edtico que gusta del di\u00e1logo y los acuerdos. Habr\u00e1 que ver si mete segunda a la aplanadora.<\/p>\n<p>Para el caso del Senado el bloque oficial contabiliz\u00f3 83 esca\u00f1os y se qued\u00f3 a tres de lograr mayor\u00eda absoluta, aunque los senadores del PRD, Araceli Saucedo y Jos\u00e9 Sabino, finalmente se sumaron a Morena, que qued\u00f3 sellado en su plenaria a la que acudi\u00f3 Claudia Sheinbaum.<\/p>\n<p>Es decir, s\u00f3lo les falta un senador para lograr las dos terceras partes y poder aprobar las reformas constitucionales.<\/p>\n<p>De acuerdo al reglamento, las dos terceras parte se conforman con los senadores presentes, por lo que bastar\u00eda que alguno de la oposici\u00f3n faltara a la sesi\u00f3n y ninguno de Morena y sus aliados para avalar el dictamen. Se han dado ya casos en pasadas legislaturas.<\/p>\n<p>Incluso, es conocida la vez cuando panistas se salieron al ba\u00f1o al momento de votar el Fobaproa, s\u00f3lo por recordar un caso. Como quiera que sea, Morena y sus aliados no tendr\u00e1n problemas.<\/p>\n<p>El pr\u00f3ximo coordinador de los verdes en el Senado, Manuel Velasco, lo hab\u00eda adelantado cuando dijo que estaban con un 99.9 por ciento para lograr mayor\u00eda calificada, aunque el pr\u00f3ximo coordinador de los morenistas, Ad\u00e1n Augusto L\u00f3pez, lo calific\u00f3 como una falta de respeto.<\/p>\n<p>Y en efecto, est\u00e1n en el 99.9 por ciento. La d\u00e9cima que falta est\u00e1 en la posible ausencia, sin que se pueda descartar que alg\u00fan o algunos priistas apoyen, sobre todo porque el PAN puso fin a la alianza legislativa.<\/p>\n","protected":false},"excerpt":{"rendered":"<p>Ciudad de M\u00e9xico; 28 agosto 2024.-El Tribunal Electoral del Poder Judicial de la Federaci\u00f3n tampoco encontr\u00f3 alguna raz\u00f3n legal para no ratificar la decisi\u00f3n del INE de otorgar a Morena y sus aliados mayor\u00eda calificada en la C\u00e1mara de Diputados, con lo que tendr\u00e1n el poder absoluto durante los pr\u00f3ximos [&hellip;]<\/p>\n","protected":false},"author":1,"featured_media":11691,"comment_status":"open","ping_status":"open","sticky":false,"template":"","format":"standard","meta":[],"categories":[7],"tags":[],"_links":{"self":[{"href":"https:\/\/inforedguanajuato.com\/index.php?rest_route=\/wp\/v2\/posts\/11690"}],"collection":[{"href":"https:\/\/inforedguanajuato.com\/index.php?rest_route=\/wp\/v2\/posts"}],"about":[{"href":"https:\/\/inforedguanajuato.com\/index.php?rest_route=\/wp\/v2\/types\/post"}],"author":[{"embeddable":true,"href":"https:\/\/inforedguanajuato.com\/index.php?rest_route=\/wp\/v2\/users\/1"}],"replies":[{"embeddable":true,"href":"https:\/\/inforedguanajuato.com\/index.php?rest_route=%2Fwp%2Fv2%2Fcomments&post=11690"}],"version-history":[{"count":1,"href":"https:\/\/inforedguanajuato.com\/index.php?rest_route=\/wp\/v2\/posts\/11690\/revisions"}],"predecessor-version":[{"id":11692,"href":"https:\/\/inforedguanajuato.com\/index.php?rest_route=\/wp\/v2\/posts\/11690\/revisions\/11692"}],"wp:featuredmedia":[{"embeddable":true,"href":"https:\/\/inforedguanajuato.com\/index.php?rest_route=\/wp\/v2\/media\/11691"}],"wp:attachment":[{"href":"https:\/\/inforedguanajuato.com\/index.php?rest_route=%2Fwp%2Fv2%2Fmedia&parent=11690"}],"wp:term":[{"taxonomy":"category","embeddable":true,"href":"https:\/\/inforedguanajuato.com\/index.php?rest_route=%2Fwp%2Fv2%2Fcategories&post=11690"},{"taxonomy":"post_tag","embeddable":true,"href":"https:\/\/inforedguanajuato.com\/index.php?rest_route=%2Fwp%2Fv2%2Ftags&post=11690"}],"curies":[{"name":"wp","href":"https:\/\/api.w.org\/{rel}","templated":true}]}}