{"id":1175,"date":"2019-11-21T23:31:37","date_gmt":"2019-11-22T04:31:37","guid":{"rendered":"http:\/\/inforedguanajuato.com\/?p=1175"},"modified":"2019-11-21T23:40:38","modified_gmt":"2019-11-22T04:40:38","slug":"la-prevencion-una-tarea-de-todos-gobernador-diego-sinhue-rodriguez-vallejo","status":"publish","type":"post","link":"https:\/\/inforedguanajuato.com\/?p=1175","title":{"rendered":"LA PREVENCI\u00d3N, UNA TAREA DE TODOS: GOBERNADOR, DIEGO SINHUE RODR\u00cdGUEZ VALLEJO."},"content":{"rendered":"<p><!--more--><\/p>\n<p>Guanajuato, Gto. 21 de noviembre 2019.- \u00a0La prevenci\u00f3n es una tarea de todos, de sociedad y los tres niveles de gobierno, dijo el Gobernador, Diego Sinhue Rodr\u00edguez Vallejo en el VI Congreso Internacional de Prevenci\u00f3n Social de la Violencia y la Reconstrucci\u00f3n del Tejido Social.<\/p>\n<p>\u201cEn Guanajuato, estamos convencidos que la herramienta m\u00e1s importante para lograr el objetivo de recuperar la paz y la tranquilidad social, es la prevenci\u00f3n; atender los factores de riesgo que provocan las conductas antisociales, es una de las estrategias que tenemos en desarrollo, con actividades que atienden a todos los sectores de la sociedad\u201d, puntualiz\u00f3.<\/p>\n<p>El Ejecutivo se\u00f1al\u00f3 que la participaci\u00f3n ciudadana es necesaria en la implementaci\u00f3n de pol\u00edticas p\u00fablicas para la prevenci\u00f3n social de la violencia y la delincuencia, as\u00ed como la reconstrucci\u00f3n del tejido social.<\/p>\n<p>\u201cEs la prevenci\u00f3n la que nos ayuda a eliminar las amenazas de violencia entre la poblaci\u00f3n, y nos permite la coexistencia segura y pac\u00edfica; de esta forma, estamos generando las condiciones para que los ciudadanos y sus familias, puedan ejercer sus derechos y tener una mejor calidad de vida\u201d.<\/p>\n<p>\u201cTenemos la certeza, que si queremos tener una pol\u00edtica de prevenci\u00f3n social eficiente, se requiere de la participaci\u00f3n activa de la sociedad, porque la pol\u00edtica de prevenci\u00f3n social no ve al ciudadano como un receptor de asistencia gubernamental, lo ve como un elemento proactivo, un agente de cambio que suma sus esfuerzos para multiplicar los buenos resultados\u201d, destac\u00f3.<\/p>\n<p>La Administraci\u00f3n Estatal, dijo el Gobernador impulsa la consolidaci\u00f3n del sexenio de la prevenci\u00f3n social, en donde la participaci\u00f3n ciudadana sea la que determine las pol\u00edticas p\u00fablicas para lograr la paz social que demandan las familias guanajuatenses.<\/p>\n<p>Resalt\u00f3 que en el VI Congreso Internacional de Prevenci\u00f3n Social de la Violencia y la Reconstrucci\u00f3n del Tejido Social, \u00fanico en su tipo, se analizar\u00e1n las nuevas estrategias y alternativas de soluci\u00f3n a la problem\u00e1tica que implica el incremento de la violencia y la delincuencia en sus diferentes contextos y \u00e1mbitos<\/p>\n<p>Participan ponentes de Espa\u00f1a, Per\u00fa, Chile, Uruguay, Colombia y de M\u00e9xico, que expondr\u00e1n temas como: Seguridad Ciudadana, Administraci\u00f3n y Procuraci\u00f3n de Justicia; Perspectiva de G\u00e9nero, Gobernanza y Participaci\u00f3n Ciudadana; Derechos Humanos, Sociedad Civil Organizada, Seguridad Industrial y Percepci\u00f3n de Seguridad.<\/p>\n<p>En el evento participaron el Secretario de Gobierno, Luis Ernesto Ayala Torres; el Secretario de Seguridad P\u00fablica, \u00c1lvar Cabeza de Vaca Appendini; el Teniente Coronel Arma Blindada, Iv\u00e1n Ram\u00edrez Vaca, representante de la XVI Zona Militar; el Rector de la Universidad de Guanajuato, Luis Felipe Guerrero Agripino; el Diputado Rolando Alc\u00e1ntar Rojas, Presidente de la Comisi\u00f3n de Seguridad P\u00fablica y Telecomunicaciones del Congreso del Estado y Felipe Javier Hernando Sanz, Doctor Titular en el Departamento de Geograf\u00eda Humana e Investigador de la Universidad Complutense de Madrid.<\/p>\n","protected":false},"excerpt":{"rendered":"","protected":false},"author":1,"featured_media":1176,"comment_status":"open","ping_status":"open","sticky":false,"template":"","format":"standard","meta":[],"categories":[4],"tags":[],"_links":{"self":[{"href":"https:\/\/inforedguanajuato.com\/index.php?rest_route=\/wp\/v2\/posts\/1175"}],"collection":[{"href":"https:\/\/inforedguanajuato.com\/index.php?rest_route=\/wp\/v2\/posts"}],"about":[{"href":"https:\/\/inforedguanajuato.com\/index.php?rest_route=\/wp\/v2\/types\/post"}],"author":[{"embeddable":true,"href":"https:\/\/inforedguanajuato.com\/index.php?rest_route=\/wp\/v2\/users\/1"}],"replies":[{"embeddable":true,"href":"https:\/\/inforedguanajuato.com\/index.php?rest_route=%2Fwp%2Fv2%2Fcomments&post=1175"}],"version-history":[{"count":1,"href":"https:\/\/inforedguanajuato.com\/index.php?rest_route=\/wp\/v2\/posts\/1175\/revisions"}],"predecessor-version":[{"id":1177,"href":"https:\/\/inforedguanajuato.com\/index.php?rest_route=\/wp\/v2\/posts\/1175\/revisions\/1177"}],"wp:featuredmedia":[{"embeddable":true,"href":"https:\/\/inforedguanajuato.com\/index.php?rest_route=\/wp\/v2\/media\/1176"}],"wp:attachment":[{"href":"https:\/\/inforedguanajuato.com\/index.php?rest_route=%2Fwp%2Fv2%2Fmedia&parent=1175"}],"wp:term":[{"taxonomy":"category","embeddable":true,"href":"https:\/\/inforedguanajuato.com\/index.php?rest_route=%2Fwp%2Fv2%2Fcategories&post=1175"},{"taxonomy":"post_tag","embeddable":true,"href":"https:\/\/inforedguanajuato.com\/index.php?rest_route=%2Fwp%2Fv2%2Ftags&post=1175"}],"curies":[{"name":"wp","href":"https:\/\/api.w.org\/{rel}","templated":true}]}}