{"id":11924,"date":"2024-09-28T14:51:56","date_gmt":"2024-09-28T19:51:56","guid":{"rendered":"https:\/\/inforedguanajuato.com\/?p=11924"},"modified":"2024-09-28T14:51:57","modified_gmt":"2024-09-28T19:51:57","slug":"en-guanajuato-se-atendera-con-responsabilidad-y-total-compromiso-la-alerta-de-genero-libia-deniss","status":"publish","type":"post","link":"https:\/\/inforedguanajuato.com\/?p=11924","title":{"rendered":"EN GUANAJUATO SE  ATENDER\u00c1 CON RESPONSABILIDAD Y TOTAL COMPROMISO LA ALERTA DE G\u00c9NERO LIBIA DENISS."},"content":{"rendered":"<p>Guanajuato, Gto. 28 de septiembre de 2024.-.  El Gobierno de la Gente asume con responsabilidad la Alerta de Violencia de G\u00e9nero contra las Mujeres, declarada por el Gobierno Federal, a trav\u00e9s de la Secretar\u00eda de Gobernaci\u00f3n, para 17 de los 46 municipios del estado de Guanajuato.<\/p>\n<p>Como muestra de responsabilidad de esta administraci\u00f3n estatal, la Gobernadora, Libia Dennise Garc\u00eda Mu\u00f1oz Ledo, ha instruido que la Secretar\u00eda de Gobierno sea quien lidere los trabajos en coordinaci\u00f3n con el Instituto para las Mujeres Guanajuatenses y atender las medidas y acciones se\u00f1aladas, junto con iniciativas propias que sumen a la construcci\u00f3n de un mejor Guanajuato.<\/p>\n<p>De esta manera, se conformar\u00e1 una mesa de trabajo con los Poderes del Estado; los organismos aut\u00f3nomos como la Fiscal\u00eda General del Estado de Guanajuato y la  Procuradur\u00eda de los Derechos Humanos, as\u00ed como los 17 municipios involucrados en la Alerta de G\u00e9nero.<\/p>\n<p>Esta mesa ser\u00e1 la encargada de elaborar un Plan de Acciones Estrat\u00e9gicas que permitan dar cumplimiento a las medidas solicitadas por la CONAVIM.<\/p>\n<p>La Gobernadora tambi\u00e9n ha instruido destinar los recursos necesarios para que este Plan de Acciones Estrat\u00e9gicas se lleve a cabo en favor de las mujeres guanajuatenses.<\/p>\n<p>\u201cMi compromiso con las guanajuatenses es constante y es firme. Las mujeres merecen vivir seguras, con dignidad y libres de violencia. En el Gobierno de la Gente trabajaremos incansablemente para que esto sea una realidad\u201d, destac\u00f3 la Gobernadora.<\/p>\n","protected":false},"excerpt":{"rendered":"<p>Guanajuato, Gto. 28 de septiembre de 2024.-. El Gobierno de la Gente asume con responsabilidad la Alerta de Violencia de G\u00e9nero contra las Mujeres, declarada por el Gobierno Federal, a trav\u00e9s de la Secretar\u00eda de Gobernaci\u00f3n, para 17 de los 46 municipios del estado de Guanajuato. Como muestra de responsabilidad [&hellip;]<\/p>\n","protected":false},"author":1,"featured_media":11925,"comment_status":"open","ping_status":"open","sticky":false,"template":"","format":"standard","meta":[],"categories":[7],"tags":[],"_links":{"self":[{"href":"https:\/\/inforedguanajuato.com\/index.php?rest_route=\/wp\/v2\/posts\/11924"}],"collection":[{"href":"https:\/\/inforedguanajuato.com\/index.php?rest_route=\/wp\/v2\/posts"}],"about":[{"href":"https:\/\/inforedguanajuato.com\/index.php?rest_route=\/wp\/v2\/types\/post"}],"author":[{"embeddable":true,"href":"https:\/\/inforedguanajuato.com\/index.php?rest_route=\/wp\/v2\/users\/1"}],"replies":[{"embeddable":true,"href":"https:\/\/inforedguanajuato.com\/index.php?rest_route=%2Fwp%2Fv2%2Fcomments&post=11924"}],"version-history":[{"count":1,"href":"https:\/\/inforedguanajuato.com\/index.php?rest_route=\/wp\/v2\/posts\/11924\/revisions"}],"predecessor-version":[{"id":11926,"href":"https:\/\/inforedguanajuato.com\/index.php?rest_route=\/wp\/v2\/posts\/11924\/revisions\/11926"}],"wp:featuredmedia":[{"embeddable":true,"href":"https:\/\/inforedguanajuato.com\/index.php?rest_route=\/wp\/v2\/media\/11925"}],"wp:attachment":[{"href":"https:\/\/inforedguanajuato.com\/index.php?rest_route=%2Fwp%2Fv2%2Fmedia&parent=11924"}],"wp:term":[{"taxonomy":"category","embeddable":true,"href":"https:\/\/inforedguanajuato.com\/index.php?rest_route=%2Fwp%2Fv2%2Fcategories&post=11924"},{"taxonomy":"post_tag","embeddable":true,"href":"https:\/\/inforedguanajuato.com\/index.php?rest_route=%2Fwp%2Fv2%2Ftags&post=11924"}],"curies":[{"name":"wp","href":"https:\/\/api.w.org\/{rel}","templated":true}]}}