{"id":12018,"date":"2024-10-09T12:30:18","date_gmt":"2024-10-09T17:30:18","guid":{"rendered":"https:\/\/inforedguanajuato.com\/?p=12018"},"modified":"2024-10-09T12:30:19","modified_gmt":"2024-10-09T17:30:19","slug":"se-plantean-modificaciones-constitucionales-en-materia-de-pueblos-y-comunidades-indigenas-y-afro-mexicanas-en-el-congreso-del-estado","status":"publish","type":"post","link":"https:\/\/inforedguanajuato.com\/?p=12018","title":{"rendered":"SE PLANTEAN MODIFICACIONES CONSTITUCIONALES EN MATERIA DE PUEBLOS Y COMUNIDADES IND\u00cdGENAS Y AFRO MEXICANAS EN EL CONGRESO DEL ESTADO."},"content":{"rendered":"<p>Guanajuato, Gto 9 octubre 2024. \u2013  El grupo parlamentario del Partido MORENA present\u00f3 una iniciativa de reforma a la Constituci\u00f3n Pol\u00edtica para el Estado de Guanajuato en materia de pueblos y comunidades ind\u00edgenas y afromexicanas.<\/p>\n<p>En su exposici\u00f3n de motivos, la diputada Pl\u00e1sida Calzada Vel\u00e1zquez habl\u00f3 sobre c\u00f3mo hab\u00edan sido tratas los pueblos y comunidades ind\u00edgenas a lo largo de la historia. Apunt\u00f3 que la Rep\u00fablica fue incapaz de generar coexistencia digna e igualitaria para todos sus pueblos, que, al triunfo de la revoluci\u00f3n, aunque se expandieron distintos derechos sociales, la cuesti\u00f3n ind\u00edgena se atendi\u00f3 de forma indirecta.<\/p>\n<p>Refiri\u00f3 que la pol\u00edtica post-revolucionaria en materia ind\u00edgena busc\u00f3 garantizar algunos de sus derechos sociales a costa de sus derechos culturales. Se trat\u00f3, indic\u00f3, de una pol\u00edtica de desarrollo asistencialista, pero etnocida, orientada a la desaparici\u00f3n de las culturas ind\u00edgenas.<\/p>\n<p>Calzada Vel\u00e1zquez argument\u00f3 que, durante el periodo neoliberal, al igual que en todas las materias, la pol\u00edtica ind\u00edgena no s\u00f3lo mantuvo el car\u00e1cter de acumulaci\u00f3n y asimilaci\u00f3n de las identidades ind\u00edgenas y afromexicanas, sino que tambi\u00e9n perdi\u00f3 su car\u00e1cter social.<\/p>\n<p>Afirm\u00f3 que, la autonom\u00eda ind\u00edgena ha tenido que existir en resistencia, mediante procesos sociales que han logrado materializarse en mayor o menor medida en sede jurisdiccional.<\/p>\n<p>La congresista apunt\u00f3 que el gobierno de la cuarta transformaci\u00f3n ha incorporado la agenda de derechos de los pueblos y comunidades ind\u00edgenas de forma relevante, ya que tienen claro que sin derechos no hay desarrollo posible, y sin los pueblos ind\u00edgenas y afromexicanos, no hay Rep\u00fablica verdadera.<\/p>\n<p>Finalmente, se\u00f1al\u00f3 que con esta propuesta se armoniza la definici\u00f3n de pueblos ind\u00edgenas, as\u00ed como de pueblos y comunidades afromexicanas de acuerdo con la norma constitucional; se garantiza el derecho de las mujeres ind\u00edgenas y afromexicanas a la participaci\u00f3n en la toma de decisiones, as\u00ed como en el desarrollo de sus pueblos y comunidades en condiciones de igualdad; se garantizan los derechos de las mujeres ind\u00edgenas y afromexicanas a la propiedad y posesi\u00f3n de la tierra y a la educaci\u00f3n; se reconoce a los pueblos y comunidades ind\u00edgenas y afromexicanas como sujetos de derecho p\u00fablico con personalidad jur\u00eddica y patrimonio propio, garantizando con esto el ejercicio de sus derechos colectivos; se establece la obligaci\u00f3n del Estado y los municipios para garantizar la educaci\u00f3n ind\u00edgena, intercultural y pluriling\u00fce; entre otras.<\/p>\n","protected":false},"excerpt":{"rendered":"<p>Guanajuato, Gto 9 octubre 2024. \u2013 El grupo parlamentario del Partido MORENA present\u00f3 una iniciativa de reforma a la Constituci\u00f3n Pol\u00edtica para el Estado de Guanajuato en materia de pueblos y comunidades ind\u00edgenas y afromexicanas. En su exposici\u00f3n de motivos, la diputada Pl\u00e1sida Calzada Vel\u00e1zquez habl\u00f3 sobre c\u00f3mo hab\u00edan sido [&hellip;]<\/p>\n","protected":false},"author":1,"featured_media":12019,"comment_status":"open","ping_status":"open","sticky":false,"template":"","format":"standard","meta":[],"categories":[7],"tags":[],"_links":{"self":[{"href":"https:\/\/inforedguanajuato.com\/index.php?rest_route=\/wp\/v2\/posts\/12018"}],"collection":[{"href":"https:\/\/inforedguanajuato.com\/index.php?rest_route=\/wp\/v2\/posts"}],"about":[{"href":"https:\/\/inforedguanajuato.com\/index.php?rest_route=\/wp\/v2\/types\/post"}],"author":[{"embeddable":true,"href":"https:\/\/inforedguanajuato.com\/index.php?rest_route=\/wp\/v2\/users\/1"}],"replies":[{"embeddable":true,"href":"https:\/\/inforedguanajuato.com\/index.php?rest_route=%2Fwp%2Fv2%2Fcomments&post=12018"}],"version-history":[{"count":1,"href":"https:\/\/inforedguanajuato.com\/index.php?rest_route=\/wp\/v2\/posts\/12018\/revisions"}],"predecessor-version":[{"id":12020,"href":"https:\/\/inforedguanajuato.com\/index.php?rest_route=\/wp\/v2\/posts\/12018\/revisions\/12020"}],"wp:featuredmedia":[{"embeddable":true,"href":"https:\/\/inforedguanajuato.com\/index.php?rest_route=\/wp\/v2\/media\/12019"}],"wp:attachment":[{"href":"https:\/\/inforedguanajuato.com\/index.php?rest_route=%2Fwp%2Fv2%2Fmedia&parent=12018"}],"wp:term":[{"taxonomy":"category","embeddable":true,"href":"https:\/\/inforedguanajuato.com\/index.php?rest_route=%2Fwp%2Fv2%2Fcategories&post=12018"},{"taxonomy":"post_tag","embeddable":true,"href":"https:\/\/inforedguanajuato.com\/index.php?rest_route=%2Fwp%2Fv2%2Ftags&post=12018"}],"curies":[{"name":"wp","href":"https:\/\/api.w.org\/{rel}","templated":true}]}}