{"id":12173,"date":"2024-10-31T13:36:02","date_gmt":"2024-10-31T18:36:02","guid":{"rendered":"https:\/\/inforedguanajuato.com\/?p=12173"},"modified":"2024-10-31T13:36:03","modified_gmt":"2024-10-31T18:36:03","slug":"alejandro-arias-diputado-del-pri-proponen-modificaciones-al-tipo-penal-de-terrorismo","status":"publish","type":"post","link":"https:\/\/inforedguanajuato.com\/?p=12173","title":{"rendered":"ALEJANDRO ARIAS DIPUTADO DEL PRI PROPONEN MODIFICACIONES AL TIPO PENAL DE TERRORISMO"},"content":{"rendered":"<p>Guanajuato, Gto 31 OCTUBRE 2024. \u2013  El grupo parlamentario del Partido Revolucionario Institucional present\u00f3 una iniciativa de reforma al C\u00f3digo Penal estatal para reformular el tipo penal de terrorismo e incrementar su sanci\u00f3n, as\u00ed como agregar la amenaza y el encubrimiento para cometer terrorismo.<\/p>\n<p>Al dar lectura a la exposici\u00f3n de motivos de la propuesta, el congresista Alejandro Arias \u00c1vila se refiri\u00f3 a lo acontecido en los \u00faltimos d\u00edas en los municipios de Jer\u00e9cuaro, Ac\u00e1mbaro, Celaya e Irapuato en el que instituciones de seguridad p\u00fablica han sufrido ataques armados.<\/p>\n<p>Tambi\u00e9n habl\u00f3 de los antecedentes hist\u00f3ricos, la forma en c\u00f3mo son abordados estos actos ante medios de comunicaci\u00f3n, los tipos penales vigentes en Am\u00e9rica Latina, as\u00ed como la influencia del narcotr\u00e1fico y sus sanciones en otros pa\u00edses.<\/p>\n<p>El legislador enfatiz\u00f3 que las sanciones actuales y legislaci\u00f3n son obsoletas y requieren adecuaciones de proporcionalidad y homologaci\u00f3n legislativa.<\/p>\n<p>\u201cConsideramos que a la fecha este tipo es insuficiente comprender s\u00f3lo los delitos de corte pol\u00edticos y debe evolucionar a expandir la protecci\u00f3n a conductas que hoy aquejan a esta entidad y que sin duda alguna generan terror en la poblaci\u00f3n o alg\u00fan sector, por lo que obviamente constituyen el delito de terrorismo, sin ir m\u00e1s lejos, los explosivos utilizados contra instalaciones de corporaciones policiales y las constantes amenazas que ciertos grupos delictivos dirigen a trav\u00e9s de los diversos medios de comunicaci\u00f3n moderna o redes sociales, con el fin de infundir miedo a sus competidores de territorio, a los integrantes de corporaciones policiales y a la sociedad en general\u201d, enfatiz\u00f3 el congresista.<\/p>\n<p>Arias \u00c1vila mencion\u00f3 la postura que se ha tenido a nivel federal al respecto, y dijo que el gobierno no deber\u00eda querer confundir, ya que hay actos terroristas no s\u00f3lo en Guanajuato sino en otros estados, y que a diario eran testigos, a trav\u00e9s de las noticias, sin que el gobierno federal quiera reconocer ese fen\u00f3meno.<\/p>\n<p>Agreg\u00f3 que deb\u00eda actuar legislativamente y que la entidad deb\u00eda ser uno de los primeros estados en que se legisle y consideren esos ataques como delito de terrorismo con las consecuencias legales correspondientes, como son la propia agravaci\u00f3n de la pena y el concurso con otros delitos que cometan.<\/p>\n<p>El congresista manifest\u00f3 que la propuesta busca ampliar el contexto de conductas que deben ser consideradas como acciones de terrorismo como todos aquellos actos realizados contra instalaciones de seguridad p\u00fablica estatal o municipal, o bien, los cometidos contra su personal administrativo y policial; incorporar como terrorismo los ataques contra la poblaci\u00f3n civil en espacios p\u00fablicos, comerciales, de servicio p\u00fablico concesionado o de eventos colectivos, o la simple amenaza de ataques de esta naturaleza mediante redes sociales o de cualquier medio informativo; e incluir como terrorismo la conducta que tenga como finalidad reprimir las funciones de cualquier autoridad administrativa o de seguridad p\u00fablica, procuraci\u00f3n o administraci\u00f3n de justicia, as\u00ed como el ataque sistem\u00e1tico contra sus integrantes.<\/p>\n<p>Tambi\u00e9n, argument\u00f3 que propon\u00eda que el acto de preparaci\u00f3n de un acto terrorista sea considerado como tal, y establecer una sanci\u00f3n espec\u00edfica para el encubridor del delito de terrorismo, entre otros aspectos.<\/p>\n","protected":false},"excerpt":{"rendered":"<p>Guanajuato, Gto 31 OCTUBRE 2024. \u2013 El grupo parlamentario del Partido Revolucionario Institucional present\u00f3 una iniciativa de reforma al C\u00f3digo Penal estatal para reformular el tipo penal de terrorismo e incrementar su sanci\u00f3n, as\u00ed como agregar la amenaza y el encubrimiento para cometer terrorismo. Al dar lectura a la exposici\u00f3n [&hellip;]<\/p>\n","protected":false},"author":1,"featured_media":12174,"comment_status":"open","ping_status":"open","sticky":false,"template":"","format":"standard","meta":[],"categories":[7],"tags":[],"_links":{"self":[{"href":"https:\/\/inforedguanajuato.com\/index.php?rest_route=\/wp\/v2\/posts\/12173"}],"collection":[{"href":"https:\/\/inforedguanajuato.com\/index.php?rest_route=\/wp\/v2\/posts"}],"about":[{"href":"https:\/\/inforedguanajuato.com\/index.php?rest_route=\/wp\/v2\/types\/post"}],"author":[{"embeddable":true,"href":"https:\/\/inforedguanajuato.com\/index.php?rest_route=\/wp\/v2\/users\/1"}],"replies":[{"embeddable":true,"href":"https:\/\/inforedguanajuato.com\/index.php?rest_route=%2Fwp%2Fv2%2Fcomments&post=12173"}],"version-history":[{"count":1,"href":"https:\/\/inforedguanajuato.com\/index.php?rest_route=\/wp\/v2\/posts\/12173\/revisions"}],"predecessor-version":[{"id":12175,"href":"https:\/\/inforedguanajuato.com\/index.php?rest_route=\/wp\/v2\/posts\/12173\/revisions\/12175"}],"wp:featuredmedia":[{"embeddable":true,"href":"https:\/\/inforedguanajuato.com\/index.php?rest_route=\/wp\/v2\/media\/12174"}],"wp:attachment":[{"href":"https:\/\/inforedguanajuato.com\/index.php?rest_route=%2Fwp%2Fv2%2Fmedia&parent=12173"}],"wp:term":[{"taxonomy":"category","embeddable":true,"href":"https:\/\/inforedguanajuato.com\/index.php?rest_route=%2Fwp%2Fv2%2Fcategories&post=12173"},{"taxonomy":"post_tag","embeddable":true,"href":"https:\/\/inforedguanajuato.com\/index.php?rest_route=%2Fwp%2Fv2%2Ftags&post=12173"}],"curies":[{"name":"wp","href":"https:\/\/api.w.org\/{rel}","templated":true}]}}