{"id":12207,"date":"2024-11-04T19:51:15","date_gmt":"2024-11-05T00:51:15","guid":{"rendered":"https:\/\/inforedguanajuato.com\/?p=12207"},"modified":"2024-11-04T19:51:16","modified_gmt":"2024-11-05T00:51:16","slug":"en-el-congreso-del-estado-dan-a-conocer-el-protocolo-del-proceso-de-consulta-a-personas-con-discapacidad","status":"publish","type":"post","link":"https:\/\/inforedguanajuato.com\/?p=12207","title":{"rendered":"EN EL CONGRESO DEL ESTADO DAN A CONOCER EL PROTOCOLO DEL PROCESO DE CONSULTA A PERSONAS CON DISCAPACIDAD."},"content":{"rendered":"<p>Guanajuato, Gto 4 NOVIEMBRE 2024. \u2013 El dia de hoy, se llev\u00f3 a cabo una reuni\u00f3n de trabajo con personas con discapacidad para presentar y analizar el protocolo del proceso de consulta a personas con discapacidad, relativo a las metodolog\u00edas de cinco iniciativas de reforma a la Ley de Inclusi\u00f3n para las Personas con Discapacidad en el Estado de Guanajuato y una propuesta de modificaci\u00f3n a la Ley para Prevenir, Atender y Erradicar la Discriminaci\u00f3n en el Estado de Guanajuato.<\/p>\n<p>La primera iniciativa de consulta es con motivo de la fusi\u00f3n y creaci\u00f3n de nuevas secretar\u00edas de la administraci\u00f3n p\u00fablica estatal; la segunda, con el objeto de garantizar los porcentajes m\u00ednimos de contrataci\u00f3n de personas con discapacidad en el sector p\u00fablico; la tercera, a fin de establecer la consulta a las personas con discapacidad cuando se prevean medidas legislativas que les afecten directamente; la cuarta, con la finalidad de fortalecer las acciones en favor del grupo de vulnerabilidad de las personas con discapacidad, y garantizarles una igualdad sustantiva y una vida digna.<\/p>\n<p>Asimismo, se contempla una quinta propuesta, con el objeto de abonar al proceso de inclusi\u00f3n efectiva de las personas con discapacidad en la actividad econ\u00f3mica; y una m\u00e1s, a fin otorgar mayor visibilidad a los derechos que tienen las personas con discapacidad ante los actos de discriminaci\u00f3n a los que se enfrentan en oficinas p\u00fablicas y privadas, as\u00ed como en establecimientos mercantiles cuando acuden con animales de apoyo.<\/p>\n<p>Al hacer uso de la voz, Juan Jorge Nieto Hern\u00e1ndez, titular de la Direcci\u00f3n de Procesos Legislativos, dio a conocer los requisitos esenciales de la consulta la cual debe ser previa, p\u00fablica, abierta y regular; estrecha y con participaci\u00f3n de las personas con discapacidad; efectiva y accesible.<\/p>\n<p>Tambi\u00e9n, se dio a conocer las fases m\u00ednimas necesarias desarrolladas por la Suprema Corte de Justicia de la Naci\u00f3n en resoluciones diversas relativas a los procesos de consulta de pueblos y comunidades ind\u00edgenas, y personas con discapacidad, a cargo de los poderes legislativos, donde destac\u00f3:<\/p>\n<p>La fase preconsultiva: destaca la identificaci\u00f3n de las iniciativas que son objeto de consulta, la identificaci\u00f3n de los sujetos y participantes de la consulta.<\/p>\n<p>La fase informativa: Comprende la entrega de informaci\u00f3n y difusi\u00f3n del proceso de consulta y cada una de sus fases, a efecto de que se cuente con informaci\u00f3n completa, previa y significativa sobre las iniciativas materia de esta.<\/p>\n<p>La fase de di\u00e1logo: se acord\u00f3 con las personas con discapacidad y las organizaciones que les representan que, a efecto de incentivar la participaci\u00f3n de m\u00e1s personas con discapacidad y organizaciones distribuidas en distintas regiones del estado, en esta ocasi\u00f3n para la fase de di\u00e1logo se llevar\u00e1n a cabo 4 consultas regionales y 1 general.<\/p>\n<p>La fase de decisi\u00f3n: consiste en la comunicaci\u00f3n de resultados de dictamen al informarse los resultados y en particular proporcionando una explicaci\u00f3n clara, en un formato comprensible, de las conclusiones, las consideraciones y los razonamientos de las decisiones, as\u00ed como el modo en que se tuvieron en cuenta sus opiniones.<\/p>\n<p>Como parte del proceso, personas con discapacidad realizaron diferentes aportaciones al protocolo donde solicitaron que se tomaran en cuenta a las personas con discapacidad intelectual, a los grupos pertenecientes de la poblaci\u00f3n que se encuentran en hospitales psiqui\u00e1tricos y geri\u00e1tricos; que se prevea el transporte para que haya un gran n\u00famero de participantes; junto a que se brinde el tiempo necesario para poder responder los cuestionarios o instrumentos virtuales.<\/p>\n<p>Tambi\u00e9n expresaron que en los ejercicios de consulta anteriores se han brindado las condiciones adecuadas para todas las personas que han asistido a dar su opini\u00f3n al brindar espacios seguros; y que es necesario que se tenga una mayor visibilidad de los micrositios, as\u00ed como una mayor difusi\u00f3n de los procesos de consulta para que todas las poblaciones pertenecientes a dicho sector sean escuchadas.<\/p>\n<p>En su intervenci\u00f3n, Liz Alejandra Esparza Frausto, titular de la Secretar\u00eda de los Derechos Humanos del Gobierno del Estado de Guanajuato, expres\u00f3 que estar\u00e1n atentos para trabajar de la mano con el Poder Legislativo, adem\u00e1s de agradecer la asistencia de los representantes de las organizaciones de la sociedad civil y a las personas con discapacidad por aportar sus experiencias de vida.<\/p>\n<p>Al hacer uso de la voz, la diputada Miriam Reyes Carmona precis\u00f3 que en Guanajuato a\u00fan queda camino por hacer para dar soluci\u00f3n a las problem\u00e1ticas que viven las personas con discapacidad, siendo importante escuchar a cada uno de los segmentos para trabajar desde las diferentes trincheras y as\u00ed lograr grandes cosas.<\/p>\n<p>Finalmente, el legislador Jes\u00fas Hern\u00e1ndez Hern\u00e1ndez indic\u00f3 que la visibilidad abre la puerta hacia un mundo mejor y que una de las mejores formas de aportar a las causas de las organizaciones de la sociedad civil y de las personas con discapacidad es realizando reuniones para escuchar sus opiniones y dar a conocer las circunstancias por las que atraviesan d\u00eda con d\u00eda.<\/p>\n<p>En la reuni\u00f3n estuvieron presentes la diputada Miriam Reyes Carmona y el diputado Jes\u00fas Hern\u00e1ndez Hern\u00e1ndez. Acompa\u00f1ados por Liz Alejandra Esparza Frausto, titular de la Secretar\u00eda de los Derechos Humanos del Gobierno del Estado de Guanajuato; representantes de diferentes asociaciones civiles del estado de Guanajuato; personas con discapacidad y colaboradores del Congreso del Estado de Guanajuato.<\/p>\n","protected":false},"excerpt":{"rendered":"<p>Guanajuato, Gto 4 NOVIEMBRE 2024. \u2013 El dia de hoy, se llev\u00f3 a cabo una reuni\u00f3n de trabajo con personas con discapacidad para presentar y analizar el protocolo del proceso de consulta a personas con discapacidad, relativo a las metodolog\u00edas de cinco iniciativas de reforma a la Ley de Inclusi\u00f3n [&hellip;]<\/p>\n","protected":false},"author":1,"featured_media":12208,"comment_status":"open","ping_status":"open","sticky":false,"template":"","format":"standard","meta":[],"categories":[7],"tags":[],"_links":{"self":[{"href":"https:\/\/inforedguanajuato.com\/index.php?rest_route=\/wp\/v2\/posts\/12207"}],"collection":[{"href":"https:\/\/inforedguanajuato.com\/index.php?rest_route=\/wp\/v2\/posts"}],"about":[{"href":"https:\/\/inforedguanajuato.com\/index.php?rest_route=\/wp\/v2\/types\/post"}],"author":[{"embeddable":true,"href":"https:\/\/inforedguanajuato.com\/index.php?rest_route=\/wp\/v2\/users\/1"}],"replies":[{"embeddable":true,"href":"https:\/\/inforedguanajuato.com\/index.php?rest_route=%2Fwp%2Fv2%2Fcomments&post=12207"}],"version-history":[{"count":1,"href":"https:\/\/inforedguanajuato.com\/index.php?rest_route=\/wp\/v2\/posts\/12207\/revisions"}],"predecessor-version":[{"id":12209,"href":"https:\/\/inforedguanajuato.com\/index.php?rest_route=\/wp\/v2\/posts\/12207\/revisions\/12209"}],"wp:featuredmedia":[{"embeddable":true,"href":"https:\/\/inforedguanajuato.com\/index.php?rest_route=\/wp\/v2\/media\/12208"}],"wp:attachment":[{"href":"https:\/\/inforedguanajuato.com\/index.php?rest_route=%2Fwp%2Fv2%2Fmedia&parent=12207"}],"wp:term":[{"taxonomy":"category","embeddable":true,"href":"https:\/\/inforedguanajuato.com\/index.php?rest_route=%2Fwp%2Fv2%2Fcategories&post=12207"},{"taxonomy":"post_tag","embeddable":true,"href":"https:\/\/inforedguanajuato.com\/index.php?rest_route=%2Fwp%2Fv2%2Ftags&post=12207"}],"curies":[{"name":"wp","href":"https:\/\/api.w.org\/{rel}","templated":true}]}}