{"id":12413,"date":"2024-12-02T22:42:44","date_gmt":"2024-12-03T03:42:44","guid":{"rendered":"https:\/\/inforedguanajuato.com\/?p=12413"},"modified":"2024-12-02T22:42:45","modified_gmt":"2024-12-03T03:42:45","slug":"despues-de-los-echos-ocurridos-el-pasado-sabado-en-apaseo-el-grande-llegan-300-efectivos-del-ejercito-y-guardia-nacional","status":"publish","type":"post","link":"https:\/\/inforedguanajuato.com\/?p=12413","title":{"rendered":"DESPUES DE LOS ECHOS OCURRIDOS EL PASADO SABADO EN APASEO EL GRANDE LLEGAN 300 EFECTIVOS DEL EJERCITO Y GUARDIA NACIONAL."},"content":{"rendered":"<p>Apaseo el Grande, Gto., a 02 de diciembre de 2024.- La Secretar\u00eda de Gobierno, la Secretar\u00eda de Seguridad y Paz, la Fiscal\u00eda General del Estado de Guanajuato (FGE), la Secretar\u00eda de la Defensa Nacional (Sedena) y el municipio de Apaseo el Grande acordaron reforzar la seguridad en la colindancia con Quer\u00e9taro, y fortalecer los trabajos de inteligencia para evitar que se repitan multihomicidios como el registrado la noche del s\u00e1bado 30 de noviembre en la zona conocida como \u201cEl tr\u00e9bol\u201d, en esta localidad.<\/p>\n<p>Durante una reuni\u00f3n que representantes de los tres niveles de gobierno sostuvieron este lunes en la presidencia municipal de Apaseo el Grande, se acord\u00f3 incrementar la presencia de los tres niveles de gobierno no s\u00f3lo en ese municipio, sino en todos los que colindan con el estado de Quer\u00e9taro y los que pudieran ser blanco de reacciones de los grupos criminales ante hechos positivos y detenciones realizadas por las polic\u00edas locales, estatales y fuerzas federales.<\/p>\n<p>Asimismo, acordaron llevar a cabo la supervisi\u00f3n y reordenamiento de todos los giros negros y los que tengan que ver con la venta de alcohol, \u201cya que ah\u00ed es el principal foco donde han estado teniendo participaci\u00f3n de manera negativa los grupos criminales\u201d, dijo el secretario de Seguridad y Paz del estado de Guanajuato, Juan Mauro Gonz\u00e1lez Mart\u00ednez.<\/p>\n<p>Adem\u00e1s, anunci\u00f3 el funcionario, se pondr\u00e1 a disposici\u00f3n un helic\u00f3ptero de la Secretar\u00eda de Seguridad y Paz para reforzar los patrullajes a\u00e9reos.<\/p>\n<p>Jorge Jim\u00e9nez Lona, Secretario de Gobierno, afirm\u00f3 que por instrucciones de la Gobernadora Libia Dennise Garc\u00eda Mu\u00f1oz Ledo se brindar\u00e1 todo el apoyo y las facilidades necesarias para operar y reforzar la seguridad en esta regi\u00f3n.<\/p>\n<p>\u2060Laureano Carrillo Rodr\u00edguez, General Brigadier Diplomado del Estado Mayor Comandante de la Fuerza de Tarea de Celaya, se comprometi\u00f3 a desplegar en la zona m\u00e1s de 300 de sus elementos y de la Guardia Nacional, adem\u00e1s de colocar 10 bases de operaci\u00f3n en las carreteras, y a mantener un puesto fijo en el Tr\u00e9bol de los Apaseos durante horarios cr\u00edticos.<\/p>\n<p>El secretario de Seguridad y Paz, Juan Mauro Gonz\u00e1lez Mart\u00ednez, pidi\u00f3 a las autoridades municipales intervenir con acciones de inteligencia y analizar la informaci\u00f3n con la que se cuenta, como puntos de venta y casas de seguridad, para concentarse en las zonas de mayor incidencia delictiva.<\/p>\n<p>El presidente municipal de Apaseo el Grande, Jose Luis Oliveros Usabiaga, se comprometi\u00f3 a que a partir de este lunes inicien operativos para clausurar bares y cantinas que ya tienen ubicados, y pidi\u00f3 que se haga la misma petici\u00f3n a los alcaldes de la regi\u00f3n para hacer equipo.&nbsp;<\/p>\n<p>Juan Mauro Gonz\u00e1lez reiter\u00f3 que el municipio de Apaseo el Grande cuenta con todo el apoyo de la Secretar\u00eda de Seguridad y Paz. Afirm\u00f3 que la estrategia CONFIA se basa en fortalecer los trabajos de inteligencia e investigaci\u00f3n \u201clo cual nos permitir\u00e1 establecer y coordinar informaci\u00f3n para anticiparnos (\u2026)&nbsp; y que la gente conf\u00ede en que todos los d\u00edas los tres niveles de gobierno estar\u00e1n trabajando\u201d.<\/p>\n<p>En la reuni\u00f3n tambi\u00e9n estuvieron el Director adscrito al despacho del Fiscal del Estado de Guanajuato; el Jefe de Unidad de Homicidios de la FGE; \u2060\u2060\u2060\u2060Juan Ulises Rodr\u00edguez Castrej\u00f3n, Director de Polic\u00eda de Apaseo el Grande; \u2060\u2060Jorge Villegas, Secretario del Ayuntamiento de Apaseo el Grande; y \u2060\u2060Miguel Garc\u00eda, Coordinador de Fiscalizaci\u00f3n de Apaseo el Grande.<\/p>\n","protected":false},"excerpt":{"rendered":"<p>Apaseo el Grande, Gto., a 02 de diciembre de 2024.- La Secretar\u00eda de Gobierno, la Secretar\u00eda de Seguridad y Paz, la Fiscal\u00eda General del Estado de Guanajuato (FGE), la Secretar\u00eda de la Defensa Nacional (Sedena) y el municipio de Apaseo el Grande acordaron reforzar la seguridad en la colindancia con [&hellip;]<\/p>\n","protected":false},"author":1,"featured_media":12414,"comment_status":"open","ping_status":"open","sticky":false,"template":"","format":"standard","meta":[],"categories":[7],"tags":[],"_links":{"self":[{"href":"https:\/\/inforedguanajuato.com\/index.php?rest_route=\/wp\/v2\/posts\/12413"}],"collection":[{"href":"https:\/\/inforedguanajuato.com\/index.php?rest_route=\/wp\/v2\/posts"}],"about":[{"href":"https:\/\/inforedguanajuato.com\/index.php?rest_route=\/wp\/v2\/types\/post"}],"author":[{"embeddable":true,"href":"https:\/\/inforedguanajuato.com\/index.php?rest_route=\/wp\/v2\/users\/1"}],"replies":[{"embeddable":true,"href":"https:\/\/inforedguanajuato.com\/index.php?rest_route=%2Fwp%2Fv2%2Fcomments&post=12413"}],"version-history":[{"count":1,"href":"https:\/\/inforedguanajuato.com\/index.php?rest_route=\/wp\/v2\/posts\/12413\/revisions"}],"predecessor-version":[{"id":12415,"href":"https:\/\/inforedguanajuato.com\/index.php?rest_route=\/wp\/v2\/posts\/12413\/revisions\/12415"}],"wp:featuredmedia":[{"embeddable":true,"href":"https:\/\/inforedguanajuato.com\/index.php?rest_route=\/wp\/v2\/media\/12414"}],"wp:attachment":[{"href":"https:\/\/inforedguanajuato.com\/index.php?rest_route=%2Fwp%2Fv2%2Fmedia&parent=12413"}],"wp:term":[{"taxonomy":"category","embeddable":true,"href":"https:\/\/inforedguanajuato.com\/index.php?rest_route=%2Fwp%2Fv2%2Fcategories&post=12413"},{"taxonomy":"post_tag","embeddable":true,"href":"https:\/\/inforedguanajuato.com\/index.php?rest_route=%2Fwp%2Fv2%2Ftags&post=12413"}],"curies":[{"name":"wp","href":"https:\/\/api.w.org\/{rel}","templated":true}]}}