{"id":12453,"date":"2024-12-05T13:48:31","date_gmt":"2024-12-05T18:48:31","guid":{"rendered":"https:\/\/inforedguanajuato.com\/?p=12453"},"modified":"2024-12-05T13:48:32","modified_gmt":"2024-12-05T18:48:32","slug":"david-martinez-mendizabal-coordinacion-del-grupo-parlamentario-de-morena-solicita-se-informen-causas-para-restringir-el-agua-a-habitantes-de-la-zona-norte-de-leon","status":"publish","type":"post","link":"https:\/\/inforedguanajuato.com\/?p=12453","title":{"rendered":"DAVID MART\u00cdNEZ MENDIZ\u00c1BAL COORDINACI\u00d3N DEL GRUPO PARLAMENTARIO DE MORENA SOLICITA SE INFORMEN CAUSAS PARA RESTRINGIR EL AGUA A HABITANTES DE LA ZONA NORTE DE LE\u00d3N."},"content":{"rendered":"<p>Guanajuato, Gto 5 diciembre 2024. \u2013 El grupo parlamentario del Partido MORENA present\u00f3 una propuesta de punto de acuerdo para exhortar a la gobernadora del estado, a trav\u00e9s de la Secretar\u00eda del Agua y Medio Ambiente; a la presidenta municipal de Le\u00f3n por conducto de las direcciones generales de Desarrollo Urbano y de Medio Ambiente, y al presidente del Consejo Directivo del Sistema de Agua Potable y Alcantarillado de Le\u00f3n -SAPAL-, por conducto del director general de dicho sistema, remitan diversa informaci\u00f3n relacionada con la presa El Palote.<\/p>\n<p>El diputado David Mart\u00ednez Mendiz\u00e1bal hizo uso de la voz para exponer las consideraciones de la propuesta. Se refiri\u00f3 al comunicado mediante el cual se anunci\u00f3 que se limitar\u00eda el derecho humano al agua terciando el servicio en 97 colonias de la zona norte de Le\u00f3n en 2023, y que debido a que la presa de El Palote no recuper\u00f3 sus niveles se ampli\u00f3 a inicios de 2024.<\/p>\n<p>Despu\u00e9s de detallar el desarrollo que ha tenido la problem\u00e1tica con el suministro de agua derivado de esa fuente, el congresista apunt\u00f3 que adem\u00e1s de las aguas superficiales de la citada presa, el SAPAL cuenta con aguas subterr\u00e1neas asignadas tambi\u00e9n por la Comisi\u00f3n Nacional del Agua, y que derivado de una informaci\u00f3n solicitada al organismo municipal se puede afirmar que cuenta con 30,321,772 metros c\u00fabicos en los acu\u00edferos La Muralla, Turbio y Valle de Le\u00f3n, que no est\u00e1 aprovechando.<\/p>\n<p>Agreg\u00f3 que era importante conocer por qu\u00e9 la presa El Palote no ha logrado recuperar sus niveles, por lo que se ped\u00eda a la gobernadora del estado, por conducto de la Secretar\u00eda del Agua y Medio Ambiente informe sobre las autorizaciones en materia de impacto ambiental que hayan otorgado sus antecesoras al norte, al norponiente y al poniente de la presa &#8216;El Palote&#8217;, en el municipio de Le\u00f3n Guanajuato, entre los a\u00f1os 2000 y 2024; a la presidenta municipal de Le\u00f3n informe sobre los desarrollos inmobiliarios que hayan autorizado en ese mismo lugar y periodo, y las autorizaciones en materia de impacto ambientar otorgadas; y al director general de SAPAL para que informe sobre la intervenci\u00f3n del Consejo Directivo del SAPAL en la decisi\u00f3n delimitar el derecho humano al agua a las y los habitantes de 143 colonias; cu\u00e1les son las declaratorias de desastre que se informaron en su comunicado el 28 de febrero de 2023 y porque no ha dispuesto de los metros c\u00fabicos restantes que le proveen los acu\u00edferos de La Muralla, Turbio y Valle de Le\u00f3n.<\/p>\n","protected":false},"excerpt":{"rendered":"<p>Guanajuato, Gto 5 diciembre 2024. \u2013 El grupo parlamentario del Partido MORENA present\u00f3 una propuesta de punto de acuerdo para exhortar a la gobernadora del estado, a trav\u00e9s de la Secretar\u00eda del Agua y Medio Ambiente; a la presidenta municipal de Le\u00f3n por conducto de las direcciones generales de Desarrollo [&hellip;]<\/p>\n","protected":false},"author":1,"featured_media":12454,"comment_status":"open","ping_status":"open","sticky":false,"template":"","format":"standard","meta":[],"categories":[7],"tags":[],"_links":{"self":[{"href":"https:\/\/inforedguanajuato.com\/index.php?rest_route=\/wp\/v2\/posts\/12453"}],"collection":[{"href":"https:\/\/inforedguanajuato.com\/index.php?rest_route=\/wp\/v2\/posts"}],"about":[{"href":"https:\/\/inforedguanajuato.com\/index.php?rest_route=\/wp\/v2\/types\/post"}],"author":[{"embeddable":true,"href":"https:\/\/inforedguanajuato.com\/index.php?rest_route=\/wp\/v2\/users\/1"}],"replies":[{"embeddable":true,"href":"https:\/\/inforedguanajuato.com\/index.php?rest_route=%2Fwp%2Fv2%2Fcomments&post=12453"}],"version-history":[{"count":1,"href":"https:\/\/inforedguanajuato.com\/index.php?rest_route=\/wp\/v2\/posts\/12453\/revisions"}],"predecessor-version":[{"id":12455,"href":"https:\/\/inforedguanajuato.com\/index.php?rest_route=\/wp\/v2\/posts\/12453\/revisions\/12455"}],"wp:featuredmedia":[{"embeddable":true,"href":"https:\/\/inforedguanajuato.com\/index.php?rest_route=\/wp\/v2\/media\/12454"}],"wp:attachment":[{"href":"https:\/\/inforedguanajuato.com\/index.php?rest_route=%2Fwp%2Fv2%2Fmedia&parent=12453"}],"wp:term":[{"taxonomy":"category","embeddable":true,"href":"https:\/\/inforedguanajuato.com\/index.php?rest_route=%2Fwp%2Fv2%2Fcategories&post=12453"},{"taxonomy":"post_tag","embeddable":true,"href":"https:\/\/inforedguanajuato.com\/index.php?rest_route=%2Fwp%2Fv2%2Ftags&post=12453"}],"curies":[{"name":"wp","href":"https:\/\/api.w.org\/{rel}","templated":true}]}}