{"id":12543,"date":"2024-12-20T21:17:20","date_gmt":"2024-12-21T02:17:20","guid":{"rendered":"https:\/\/inforedguanajuato.com\/?p=12543"},"modified":"2024-12-20T21:17:22","modified_gmt":"2024-12-21T02:17:22","slug":"hoy-celaya-esta-mejor-comunicado","status":"publish","type":"post","link":"https:\/\/inforedguanajuato.com\/?p=12543","title":{"rendered":"HOY CELAYA ESTA MEJOR COMUNICADO."},"content":{"rendered":"<p>Celaya\/Guanajuato, Gto. 20 de diciembre de 2024. \u201cEsta es una importante v\u00eda de desarrollo y de comunicaci\u00f3n para la gente de este municipio y, si en algo estamos comprometidos en este Gobierno de la Gente, es a seguir generando obras y acciones que beneficien a las familias\u201d.<\/p>\n<p>As\u00ed lo dijo la Gobernadora de Guanajuato, Libia Dennise Garc\u00eda Mu\u00f1oz Ledo, al inaugurar el Paso Inferior Vehicular Avenida Tecnol\u00f3gico intersecci\u00f3n Avenida M\u00e9xico-Jap\u00f3n y enfatiz\u00f3 que el trabajo gubernamental es en equipo y no obedece a colores, pues es solo por el beneficio ciudadano.<\/p>\n<p>\u201cEs momento de unidad, es momento de trabajar en equipo, es momento de hacer a un lado las diferencias pol\u00edticas o de colores que podamos tener, porque aqu\u00ed lo que importa son las familias de Celaya.<br \/>\n\u201cHoy es un claro ejemplo de que aqu\u00ed no va a haber sesgos de colores, que aqu\u00ed lo que nos une es nuestra gente, porque la gente confi\u00f3 en nosotros y hoy tenemos que darles resultados\u201d, dijo la Gobernadora.<\/p>\n<p>Esta obra, realizada por el Gobierno de la Gente, es una de las m\u00e1s importantes en Celaya para las necesidades de infraestructura vial y desarrollo urbano de la ciudad, pues acorta tiempos de traslado, evita congestionamiento vial, mejora la conectividad urbana y da seguridad al conductor.<\/p>\n<p>El paso a desnivel agilizar\u00e1 el tr\u00e1nsito de m\u00e1s de 47 mil 386 veh\u00edculos que circulan diariamente por esta intersecci\u00f3n que conecta la zona urbana de Celaya con la autopista Quer\u00e9taro\u2013Irapuato y la carretera Celaya\u2013San Miguel de Allende, y ayudar\u00e1 con los conflictos viales de la zona.<\/p>\n<p>Es su realizaci\u00f3n, se invirtieron m\u00e1s de 289.9 millones de pesos, a trav\u00e9s de la Secretar\u00eda de Obra P\u00fablica, para beneficio directo de m\u00e1s de 340 mil habitantes, adem\u00e1s de automovilistas de paso.<\/p>\n<p>La obra tiene una longitud de 940 metros, a 4 carriles de circulaci\u00f3n, dos por sentido; son de concreto hidr\u00e1ulico en el paso inferior y concreto asf\u00e1ltico en las calles laterales, con dos carriles de circulaci\u00f3n, por sentido, en la Avenida Tecnol\u00f3gico, y banquetas.<\/p>\n<p>Por su parte, el Presidente Municipal de Celaya, Juan Miguel Ram\u00edrez S\u00e1nchez, dijo que esta obra \u201cmarcar\u00e1 la historia de Celaya\u201d y reiter\u00f3 que el trabajo interinstitucional ofrece prontas soluciones a las necesidades de la ciudadan\u00eda.<\/p>\n<p>Cumple Guanajuato 201 a\u00f1os de orgullo y memoria hist\u00f3rica<br \/>\nEn la Plaza C\u00edvica de la Glorieta Santa Fe, en la Capital del Estado, la Gobernadora de la Gente, Libia Dennise Garc\u00eda Mu\u00f1oz Ledo, presidi\u00f3 el evento de conmemoraci\u00f3n de los 201 a\u00f1os de la Constituci\u00f3n de Guanajuato como Entidad Libre y Soberana y del D\u00eda de la Bandera del Estado.<\/p>\n<p>&#8220;Los quiero invitar a sentir fuerte este orgullo. Que el coraz\u00f3n lata con fuerza y que este estado, al que tanto amamos, nos siga inspirando a lograr ser la mejor versi\u00f3n de cada una y de cada uno de nosotros&#8221;, as\u00ed lo dijo la Mandataria Estatal.<\/p>\n<p>Guanajuato fue uno de los primeros estados en declararse libre y soberano; y este a\u00f1o se celebran 201 a\u00f1os desde que este Estado se constituy\u00f3 como entidad; es pionero en el federalismo mexicano.<\/p>\n<p>La fecha tambi\u00e9n coincide con el D\u00eda de la Bandera del Estado, un s\u00edmbolo que une a todos los guanajuatenses con su historia, valores y tradiciones. Por este motivo, se realiz\u00f3 una ceremonia donde se izaron banderas y se entonaron los himnos Nacional y del Estado de Guanajuato.<\/p>\n<p>&#8220;Cada uno de estos actos c\u00edvicos que llevamos a cabo, es un gran homenaje, una gran oportunidad de recordar que la historia no se debe de guardar en un caj\u00f3n, no debe de quedar encerrada en las p\u00e1ginas de un libro&#8221;, expres\u00f3 Libia Dennise.<\/p>\n<p>El D\u00eda de la Bandera Estatal es un recordatorio del respeto y amor a los s\u00edmbolos que nos representan. La Bandera de Guanajuato representa la lucha, el esfuerzo y la dedicaci\u00f3n de generaciones que han hecho de este estado un referente nacional.<\/p>\n<p>Los 201 a\u00f1os de Guanajuato como Estado Libre y Soberano, junto con el D\u00eda de la Bandera Estatal, no son s\u00f3lo una mirada al pasado, sino una reafirmaci\u00f3n del presente y un compromiso con el futuro, dijo la Gobernadora.<\/p>\n","protected":false},"excerpt":{"rendered":"<p>Celaya\/Guanajuato, Gto. 20 de diciembre de 2024. \u201cEsta es una importante v\u00eda de desarrollo y de comunicaci\u00f3n para la gente de este municipio y, si en algo estamos comprometidos en este Gobierno de la Gente, es a seguir generando obras y acciones que beneficien a las familias\u201d. As\u00ed lo dijo [&hellip;]<\/p>\n","protected":false},"author":1,"featured_media":12544,"comment_status":"open","ping_status":"open","sticky":false,"template":"","format":"standard","meta":[],"categories":[7],"tags":[],"_links":{"self":[{"href":"https:\/\/inforedguanajuato.com\/index.php?rest_route=\/wp\/v2\/posts\/12543"}],"collection":[{"href":"https:\/\/inforedguanajuato.com\/index.php?rest_route=\/wp\/v2\/posts"}],"about":[{"href":"https:\/\/inforedguanajuato.com\/index.php?rest_route=\/wp\/v2\/types\/post"}],"author":[{"embeddable":true,"href":"https:\/\/inforedguanajuato.com\/index.php?rest_route=\/wp\/v2\/users\/1"}],"replies":[{"embeddable":true,"href":"https:\/\/inforedguanajuato.com\/index.php?rest_route=%2Fwp%2Fv2%2Fcomments&post=12543"}],"version-history":[{"count":1,"href":"https:\/\/inforedguanajuato.com\/index.php?rest_route=\/wp\/v2\/posts\/12543\/revisions"}],"predecessor-version":[{"id":12545,"href":"https:\/\/inforedguanajuato.com\/index.php?rest_route=\/wp\/v2\/posts\/12543\/revisions\/12545"}],"wp:featuredmedia":[{"embeddable":true,"href":"https:\/\/inforedguanajuato.com\/index.php?rest_route=\/wp\/v2\/media\/12544"}],"wp:attachment":[{"href":"https:\/\/inforedguanajuato.com\/index.php?rest_route=%2Fwp%2Fv2%2Fmedia&parent=12543"}],"wp:term":[{"taxonomy":"category","embeddable":true,"href":"https:\/\/inforedguanajuato.com\/index.php?rest_route=%2Fwp%2Fv2%2Fcategories&post=12543"},{"taxonomy":"post_tag","embeddable":true,"href":"https:\/\/inforedguanajuato.com\/index.php?rest_route=%2Fwp%2Fv2%2Ftags&post=12543"}],"curies":[{"name":"wp","href":"https:\/\/api.w.org\/{rel}","templated":true}]}}