{"id":12585,"date":"2025-01-23T21:52:50","date_gmt":"2025-01-24T02:52:50","guid":{"rendered":"https:\/\/inforedguanajuato.com\/?p=12585"},"modified":"2025-01-23T21:52:51","modified_gmt":"2025-01-24T02:52:51","slug":"inician-entrevistas-a-personas-postuladas-para-ocupar-la-titularidad-de-la-prodheg","status":"publish","type":"post","link":"https:\/\/inforedguanajuato.com\/?p=12585","title":{"rendered":"Inician entrevistas a personas postuladas para ocupar la titularidad de la PRODHEG"},"content":{"rendered":"<p>Guanajuato, Gto 23 enero 2025. \u2013 En un ejercicio de total apertura y transparencia, se llevaron a cabo las primeras entrevistas a las personas postulantes a ocupar la titularidad de la Procuradur\u00eda Estatal de los Derechos Humanos del Estado de Guanajuato, por la Comisi\u00f3n de Derechos Humanos y Atenci\u00f3n a Grupos Vulnerables.<\/p>\n<p>Todos los participantes tuvieron la oportunidad de exponer durante 10 minutos su idoneidad al cargo, el plan de trabajo en caso de ser designados, su trayectoria en acompa\u00f1amiento a las v\u00edctimas y su trabajo con las asociaciones de la sociedad civil. Adem\u00e1s, se les hicieron preguntas y se les presentaron casos pr\u00e1cticos.<\/p>\n<p>La primera en ser entrevistada fue Isis Nevai Albarr\u00e1n Garc\u00eda, quien expres\u00f3 que tiene m\u00e1s de 15 a\u00f1os como servidora p\u00fablica en el \u00e1mbito de la justicia y los derechos humanos. Tambi\u00e9n habl\u00f3 de su formaci\u00f3n acad\u00e9mica, la cual resalt\u00f3 siempre ha estado enfocada a los derechos humanos. Agreg\u00f3 que su plan de trabajo se centrar\u00eda en tres \u00e1reas: alianzas sociales, generar empat\u00eda con la sociedad y consolidaci\u00f3n de los derechos humanos en la administraci\u00f3n p\u00fablica.<\/p>\n<p>Las y los congresistas plantearon un caso pr\u00e1ctico sobre la desaparici\u00f3n de un menor, con deficiencias en investigaci\u00f3n y falta de respuesta de las autoridades. En ese sentido, se le cuestion\u00f3 c\u00f3mo actuar\u00eda para garantizar que se investiga a fondo la desaparici\u00f3n, se protejan los derechos de familiares y se rindan cuentas por falta de atenci\u00f3n en el caso.<\/p>\n<p>De igual manera, indagaron sobre ante qu\u00e9 casos o situaciones la gente puede o debe acudir a la instituci\u00f3n cuando sus derechos humanos se ven vulnerados; qu\u00e9 medidas adoptar\u00eda para asegurar que la procuradur\u00eda sea accesible a todas las personas, incluyendo a todas la que se encuentran en situaci\u00f3n de vulnerabilidad como las personas ind\u00edgenas o migrantes; si considera viable hacer formatos con f\u00e1ciles y accesibles para las personas; y c\u00f3mo ser\u00eda el acercamiento de la PRODHEG con los ayuntamientos para promover los derechos humanos.<\/p>\n<p>Margarita L\u00f3pez Maciel, quien fue la segunda en ser entrevistada, destac\u00f3 su labor dentro de la PRODHEG, as\u00ed como sus estudios en la materia. Precis\u00f3 que su plan de trabajo se llamar\u00eda PAZ\u00cdFICA porque se enfocar\u00eda en promover la paz, haciendo \u00e9nfasis en la formaci\u00f3n de funcionarios p\u00fablicos para fortalecer la capacidad de respuesta, entre otras.<\/p>\n<p>Las y los legisladores cuestionaron que, trat\u00e1ndose de la posible violaci\u00f3n de derechos humanos, cu\u00e1l es la competencia de la PRODHEG; si se realiza en el pa\u00eds trabajo en favor de los derechos humanos y si falta algo; si consideraba pertinente que la PRODHEG realice un acercamiento con las v\u00edctimas de sus resoluciones; c\u00f3mo pod\u00eda la PRODHEG garantizar la protecci\u00f3n de los derechos humanos en el caso de que un grupo de defensores de estas garant\u00edas fuera hostigado por las autoridades; y c\u00f3mo se constituye el sistema del ombudsperson.<\/p>\n<p>En respuesta, L\u00f3pez Maciel coment\u00f3 que la competencia son las acciones u omisiones de las autoridades en materia de derechos humanos; que se debe hacer un trabajo continuo de investigaci\u00f3n para el cumplimiento de los derechos humanos, y que si falta por hacer; que se debe dar un acercamiento y continuar con la atenci\u00f3n de las v\u00edctimas en tanto lo hace la Comisi\u00f3n Estatal de V\u00edctimas; establecer en la formaci\u00f3n de los defensores de los derechos humanos los riesgos que se enfrentan, que se haga una intervenci\u00f3n oportuna y que las medidas de protecci\u00f3n sean efectivas.<\/p>\n<p>La tercera persona en ser cuestionada fue Diana Hern\u00e1ndez Mej\u00eda, quien manifest\u00f3 que el fortalecimiento de los derechos humanos debe de ir de la mano de la igualdad de g\u00e9nero. Agreg\u00f3 que entre sus prioridades estar\u00eda fortalecer el acceso a la justicia.<\/p>\n<p>En este di\u00e1logo, las y los diputados indagaron sobre las medidas que se est\u00e1n implementando en la entidad para garantizar el respeto a los derechos humanos de las personas migrantes; c\u00f3mo se han abordado en el estado las violaciones de derechos humanos por violencia de g\u00e9nero; las acciones que realizar\u00eda para que las recomendaciones tengan una mayor efectividad tanto en cumplimiento como para contribuir a la prevenci\u00f3n de violaci\u00f3n de los derechos humanos; y sobre qu\u00e9 tan distinto es la actividad de investigaci\u00f3n, desarrollo y protecci\u00f3n de derechos humanos en comparaci\u00f3n con oriente medio.<\/p>\n<p>La entrevistada coment\u00f3 que act\u00faan a trav\u00e9s del inicio de quejas, que se activan de manera oficiosa; resalt\u00f3 la importancia de la capacitaci\u00f3n y la sensibilizaci\u00f3n en materia de derechos humanos, as\u00ed como dar seguimiento a las recomendaciones y ver los puntos por los cuales no las est\u00e9n atendiendo; y agreg\u00f3 que la cultura es la diferencia con el oriente medio, lo que permite la mejor atenci\u00f3n y respecto de los derechos humanos.<\/p>\n<p>Sergio Gustavo Barqu\u00edn Carmona, el cuarto en dialogar con las y los legisladores, habl\u00f3 sobre implementar estrategias eficaces para promover y difundir la cultura de los derechos humanos del estado, gestionar su defensa ser\u00eda su prioridad, dijo.<\/p>\n<p>Dentro de su plan de trabajo est\u00e1 observar irrestrictamente la ley, administrar honesta y eficazmente los recursos, fomentar y mantener la austeridad y el combate a la corrupci\u00f3n, instituir cl\u00ednicas de derechos humanos para impulsar y generar en estudiantes y sociedad la cultura en respeto y defensa de los derechos humanos, por mencionar algunos aspectos.<\/p>\n<p>Se le cuestion\u00f3 respecto a las ocasiones en que la polic\u00eda estatal a respondido con uso excesivo de la fuerza durante manifestaciones pac\u00edficas y las medidas que tomar\u00eda para garantizar que se investigue el abuso policial y se protejan los derechos de los manifestantes; c\u00f3mo afrontar el reto del respeto de los derechos de los migrantes mexicanos y extranjeros que transitan por la entidad; la forma en que abordar\u00eda las crisis de violencia del estado; que sucede si alguien no ratifica una queja oficiosa y qu\u00e9 entend\u00eda por independencia de la PRODHEG.<\/p>\n<p>Barqu\u00edn Carmona mencion\u00f3 que primero atender\u00eda a las personas y si hubiera una actuaci\u00f3n excesiva por parte de la polic\u00eda dar conocimiento a la autoridad competente; implementar estrategias necesarias en los distintos lugares por los que transitan para que cuenten con la asesor\u00eda y la representaci\u00f3n de la instituci\u00f3n en caso de que se vieran vulnerados sus derechos; difundir la protecci\u00f3n y los derechos de las personas; si es una queja oficiosa se trata de localizar a las personas involucradas, y se atiende de acuerdo al tema, si es una cuesti\u00f3n grave pues hasta su conclusi\u00f3n; y en cuanto a la independencia coment\u00f3 que ninguna autoridad tiene injerencia en cuanto a la opini\u00f3n que pueda emitir la PRODHEG.<\/p>\n<p>En su oportunidad, Karla Alejandra Esc\u00e1rcega Robledo se refiri\u00f3 a su trayectoria en materia de derecho y coment\u00f3 que es investigadora de carrera. A\u00f1adi\u00f3 que su plan de trabajo se basar\u00eda en la inclusi\u00f3n, la perspectiva de g\u00e9nero, interculturalidad y desarrollo sostenible; puntualizando en aspectos como la sensibilizaci\u00f3n, la capacitaci\u00f3n y la profesionalizaci\u00f3n; ampliar y diversificar las estrategias y mecanismos en la sensibilizaci\u00f3n y promoci\u00f3n de los derechos humanos;\t comunicaci\u00f3n y colaboraci\u00f3n estrat\u00e9gica; entre otros rubros.<\/p>\n<p>Algunos de las preguntas versaron sobre qu\u00e9 es lo que est\u00e1 haciendo la PRODHEG para darse a conocer; si sab\u00eda si la Procuradur\u00eda hab\u00eda presentado acciones de inconstitucionalidad; los derechos humanos que considera son los m\u00e1s vulnerados en la entidad; qu\u00e9 procede en caso de que una autoridad no acepte una recomendaci\u00f3n emitida por la PRODHEG; y si hab\u00eda le\u00eddo alguna recomendaci\u00f3n emitida por la citada instituci\u00f3n.<\/p>\n<p>Esc\u00e1rcega Robledo precis\u00f3 que la instituci\u00f3n tiene delimitada su competencia, y argument\u00f3 que era importante visualizar una procuradur\u00eda de puertas y ventanas abiertas, que salga al encuentro de las personas; dijo que la PRODHEG ha presentado algunas acciones de inconstitucionalidad. A\u00f1adi\u00f3 que los derechos humanos al ser interdependientes se dir\u00eda que si se vulnera uno se vulneran todos; que el Congreso del Estado tiene la facultad de mandar llamar a la autoridad para que informe por qu\u00e9 no se acat\u00f3 la recomendaci\u00f3n y que, si ha le\u00eddo y revisado algunas recomendaciones, por lo que conoce su estructura.<\/p>\n<p>En su participaci\u00f3n, Ana Wendy Mu\u00f1oz G\u00f3mez coment\u00f3 que su plan de trabajo se compondr\u00eda de tres ejes estrat\u00e9gicos: prevenci\u00f3n y promoci\u00f3n; protecci\u00f3n y defensa de los derechos humanos; y vinculaci\u00f3n, coordinaci\u00f3n y consolidaci\u00f3n administrativa. Resalt\u00f3 la importancia de la capacitaci\u00f3n y divulgaci\u00f3n para empoderar a las personas, a la ciudadan\u00eda y empoderar a los grupos en condiciones de vulnerabilidad.<\/p>\n<p>Agreg\u00f3 que buscar\u00eda abrir un \u00e1rea de dise\u00f1o de pol\u00edticas p\u00fablicas en materia de defensa de derechos humanos y establecer una subprocuradur\u00eda especializada en personas privadas de la libertad.<\/p>\n<p>Las y los congresistas profundizaron sobre las acciones que tomar\u00eda para promover los derechos humanos de las personas de las diversidades sexogen\u00e9ricas; su opini\u00f3n sobre la reelecci\u00f3n del titular de la PRODHEG; el avance en M\u00e9xico en relaci\u00f3n contra la violencia a la mujer o minor\u00edas raciales o sexogen\u00e9ricas; cu\u00e1l consideraba una medida de reparaci\u00f3n eficaz para desarticular estereotipos y pr\u00e1cticas que perpet\u00faan la discriminaci\u00f3n contra las mujeres; y si se se\u00f1alan las medidas cautelares que deben aplicar.<\/p>\n<p>La postulante se\u00f1al\u00f3 que se debe llevar el mensaje a la diversidad sexual, hacer comunidad con las personas y acompa\u00f1arlos; consider\u00f3 que la reelecci\u00f3n es buena porque cuatro a\u00f1os es para sembrar el proyecto y los otros para recibir los frutos y dar seguimiento; ha habido un avance en la lucha por los derechos de las mujeres y si no se sigue combatiendo se retrocede; para concluir con los estereotipos, dijo, se debe sensibilizar, porque ya se cuenta con las sanciones; y que se cuentan con las medidas cautelares en la norma.<\/p>\n<p>Efra\u00edn Alcal\u00e1 Ch\u00e1vez inici\u00f3 con un agradecimiento a m\u00e1s de las 70 organizaciones que lo postularon. Manifest\u00f3 que entre los cambios se busca un procurador lejano del escritorio y cercano a las v\u00edctimas; enfatizar en la prevenci\u00f3n; ampliar la oferta acad\u00e9mica; consolidar el proceso de certificaci\u00f3n; mecanismos alternativos de soluci\u00f3n de controversias; restituci\u00f3n inmediata de derechos; y el cumplimiento de est\u00e1ndares internacionales, entre otros aspectos.<\/p>\n<p>Las y los legisladores indagaron sobre los mecanismos para que los ciudadanos denuncien violaciones a los derechos humanos y su accesibilidad; si se han realizado acciones de inconstitucionalidad; si las recomendaciones sirven y contribuyen a la remediaci\u00f3n del da\u00f1o; aspectos de su perfil que considera lo hacen id\u00f3neo para el puesto; y el papel del procurador en la actuaci\u00f3n de las autoridades estatales en relaci\u00f3n con los derechos humanos.<\/p>\n<p>En respuesta, dijo que se cuenta con diversos mecanismos para denunciar; no se cuenta hasta el momento con acciones como tal; el 99% de las recomendaciones est\u00e1n aceptadas, la falla no est\u00e1 en la emisi\u00f3n sino en el cumplimiento y hasta el momento el mecanismo que se cuenta en la facultad del Congreso del Estado para que se cite a comparecer a la autoridad violadora de derechos humanos; el amor a la instituci\u00f3n, la vocaci\u00f3n por la defensa de los derechos humanos y su trayectoria son aspectos que lo hacen id\u00f3neo para el cargo; y finalmente, argument\u00f3 que la prevenci\u00f3n de la violaci\u00f3n de los derechos humanos es lo mejor, por lo que se debe insistir en los mecanismos que tiene el organismo.<\/p>\n<p>Finalmente, el \u00faltimo entrevistado del d\u00eda, Sergio Jaime Roch\u00edn del Rinc\u00f3n mencion\u00f3 que tiene m\u00e1s de 20 a\u00f1os en la defensa a v\u00edctimas, que se debe atender con prioridad a las v\u00edctimas de violaciones graves, no ser neutral. Apunt\u00f3 que buscar\u00eda articular su actuar en cuatro grandes ejes, entre los que mencion\u00f3 servir para servir, para defender, para proteger; y la vinculaci\u00f3n con la sociedad civil.<\/p>\n<p>Se le cuestion\u00f3 sobre si es viable un cierto tipo de independencia del organismo con el gobierno; su visi\u00f3n sobre el papel de la PRODHEG en la protecci\u00f3n y defensa de los derechos humanos en la entidad; si la reforma al Poder Judicial afectar\u00e1 el respeto a los derechos humanos; estrategias para garantizar que las autoridades responsables cumplan con las recomendaciones que se les emitan; y si existe alg\u00fan esfuerzo para concientizar sobre las llamadas violencias invisibles.<\/p>\n<p>Roch\u00edn del Rinc\u00f3n coment\u00f3 que la PRODHEG debe ser verdaderamente aut\u00f3noma de cualquier gobierno, de cualquier color y tener la posibilidad de actuar en la defensa de las v\u00edctimas sin partidismos y militancias, contar con una autonom\u00eda plena y capacidad de comunicarse para que el procurador sea escuchado y tenga fuerza moral; que las recomendaciones tengan un enfoque m\u00e1s integral; generar proyectos de estado donde las desapariciones ya no sean algo de todos los d\u00edas, vigilar el cumplimiento de los proyectos de seguridad y generar un nuevo modelo de reparaciones.<\/p>\n<p>Agreg\u00f3 que, en este momento no es posible conocer si la reforma judicial afectar\u00e1 la defensa de los derechos humanos; que la PRODHEG tenga autonom\u00eda plena para poder tener mayor peso en sus recomendaciones, que sean s\u00f3lidas y darles un seguimiento; y que la procuradur\u00eda debe tener m\u00e1s voz p\u00fablica en las acciones en las que las autoridades est\u00e9n interviniendo.<\/p>\n<p>Estuvieron presentes las diputadas Pl\u00e1sida Calzada Vel\u00e1zquez (presidenta de la Comisi\u00f3n de Derechos Humanos), Miriam Reyes Carmona y Ana Mar\u00eda Esquivel Arrona; as\u00ed como los diputados Jes\u00fas Hern\u00e1ndez Hern\u00e1ndez y Jos\u00e9 Salvador Tovar Vargas.<\/p>\n<p>Adem\u00e1s, los acompa\u00f1aron las congresistas Luz Itzel Mendo Gonz\u00e1lez y Mar\u00eda Eugenia Garc\u00eda Oliveros; as\u00ed como el diputado Roberto Carlos Ter\u00e1n Ramos.<\/p>\n<p>El d\u00eda de ma\u00f1ana se continuar\u00e1 con la segunda ronda de entrevistas en las que participar\u00e1n V\u00edctor Aguirre Armenta, Sandra Liliana Prieto de Le\u00f3n, Mar\u00eda Elisa Jaime Rangel, Georgina Vargas Vera, Mar\u00eda de los \u00c1ngeles M\u00e1rquez Carre\u00f3n\t, Karla Gabriela Alcar\u00e1z Olvera y Eliseo Hern\u00e1ndez Campos.<\/p>\n","protected":false},"excerpt":{"rendered":"<p>Guanajuato, Gto 23 enero 2025. \u2013 En un ejercicio de total apertura y transparencia, se llevaron a cabo las primeras entrevistas a las personas postulantes a ocupar la titularidad de la Procuradur\u00eda Estatal de los Derechos Humanos del Estado de Guanajuato, por la Comisi\u00f3n de Derechos Humanos y Atenci\u00f3n a [&hellip;]<\/p>\n","protected":false},"author":1,"featured_media":12586,"comment_status":"open","ping_status":"open","sticky":false,"template":"","format":"standard","meta":[],"categories":[7],"tags":[],"_links":{"self":[{"href":"https:\/\/inforedguanajuato.com\/index.php?rest_route=\/wp\/v2\/posts\/12585"}],"collection":[{"href":"https:\/\/inforedguanajuato.com\/index.php?rest_route=\/wp\/v2\/posts"}],"about":[{"href":"https:\/\/inforedguanajuato.com\/index.php?rest_route=\/wp\/v2\/types\/post"}],"author":[{"embeddable":true,"href":"https:\/\/inforedguanajuato.com\/index.php?rest_route=\/wp\/v2\/users\/1"}],"replies":[{"embeddable":true,"href":"https:\/\/inforedguanajuato.com\/index.php?rest_route=%2Fwp%2Fv2%2Fcomments&post=12585"}],"version-history":[{"count":1,"href":"https:\/\/inforedguanajuato.com\/index.php?rest_route=\/wp\/v2\/posts\/12585\/revisions"}],"predecessor-version":[{"id":12587,"href":"https:\/\/inforedguanajuato.com\/index.php?rest_route=\/wp\/v2\/posts\/12585\/revisions\/12587"}],"wp:featuredmedia":[{"embeddable":true,"href":"https:\/\/inforedguanajuato.com\/index.php?rest_route=\/wp\/v2\/media\/12586"}],"wp:attachment":[{"href":"https:\/\/inforedguanajuato.com\/index.php?rest_route=%2Fwp%2Fv2%2Fmedia&parent=12585"}],"wp:term":[{"taxonomy":"category","embeddable":true,"href":"https:\/\/inforedguanajuato.com\/index.php?rest_route=%2Fwp%2Fv2%2Fcategories&post=12585"},{"taxonomy":"post_tag","embeddable":true,"href":"https:\/\/inforedguanajuato.com\/index.php?rest_route=%2Fwp%2Fv2%2Ftags&post=12585"}],"curies":[{"name":"wp","href":"https:\/\/api.w.org\/{rel}","templated":true}]}}