{"id":12630,"date":"2025-02-14T10:24:41","date_gmt":"2025-02-14T15:24:41","guid":{"rendered":"https:\/\/inforedguanajuato.com\/?p=12630"},"modified":"2025-02-14T10:24:42","modified_gmt":"2025-02-14T15:24:42","slug":"diputadas-y-diputados-del-pan-en-el-congreso-del-estado-de-guanajuato-definen-lineas-de-la-agenda-legislativa-para-el-nuevo-periodo","status":"publish","type":"post","link":"https:\/\/inforedguanajuato.com\/?p=12630","title":{"rendered":"DIPUTADAS Y DIPUTADOS DEL PAN EN EL CONGRESO DEL ESTADO DE GUANAJUATO DEFINEN L\u00cdNEAS DE LA AGENDA LEGISLATIVA PARA EL NUEVO PER\u00cdODO."},"content":{"rendered":"<p>Le\u00f3n, Guanajuato, a 13 de febrero de 2025.\u2013 Con rumbo al Segundo Periodo Ordinario de Sesiones, el Grupo Parlamentario del PAN en Guanajuato realiz\u00f3 su primera Reuni\u00f3n Plenaria del 2025, en la que se enfatiz\u00f3 la importancia de mantener la unidad, el compromiso y la responsabilidad que conlleva representar a la ciudadan\u00eda.<\/p>\n<p>Durante la reuni\u00f3n, el coordinador del GPPAN, Jorge Espadas, exhort\u00f3 a sus compa\u00f1eras y compa\u00f1eros de bancada a redoblar los esfuerzos, a fortalecer el trabajo en equipo y seguir cumpli\u00e9ndole a la ciudadan\u00eda.<\/p>\n<p>&#8220;Veo una gran uni\u00f3n en el PAN; veo en ustedes, diputadas y diputados, una diversidad de ideas, con capacidad, experiencia y talento; estos son elementos que nos distinguen y que la gente vio en nosotros. Hoy tenemos una responsabilidad grande con la gente de nuestro estado&#8221;, expres\u00f3.<\/p>\n<p>Agreg\u00f3 que trabajar juntos ser\u00e1 clave para atender los temas m\u00e1s importantes que se abordar\u00e1n durante el periodo de sesiones que est\u00e1 a punto de arrancar, entre ellos la reforma al Poder Judicial, la designaci\u00f3n de la persona titular de la Procuradur\u00eda de los Derechos Humanos del Estado, la Glosa del Informe de Gobierno de la Gobernadora y el informe del Fiscal General.<\/p>\n<p>Por su parte, el presidente del PAN en Guanajuato, Aldo M\u00e1rquez llam\u00f3 a trabajar en la uni\u00f3n del Grupo \u201csin escatimar en acciones o decisiones que nos permitan mantenernos fuertes\u201d, as\u00ed como a fortalecer el trabajo en las calles de cada distrito y  mantener el contacto directo con la ciudadan\u00eda para atender sus necesidades.<\/p>\n<p>En tanto, Juan Carlos Romero, vicecoordinador de la Agenda Legislativa del GPPAN, comparti\u00f3 los ejes tem\u00e1ticos de las iniciativas que se impulsar\u00e1n durante el nuevo per\u00edodo de sesiones; tales como la mujer, la familia, el Estado de derecho, la transparencia, la construcci\u00f3n de la paz e igualdad de oportunidades, entre otros.<\/p>\n<p>Se cont\u00f3 con la presencia de las diputadas Ana Mar\u00eda Esquivel, Ang\u00e9lica Casillas, Karol Jared Gonz\u00e1lez, Marisa Ortiz, Susana Berm\u00fadez, Noem\u00ed M\u00e1rquez, Yesenia Rojas y Pilar G\u00f3mez; as\u00ed como con la de los diputados Rolando Alc\u00e1ntar, Jes\u00fas Hern\u00e1ndez, Juan Carlos Romero, Erandi Berm\u00fadez, Salvador Tovar, Roberto Carlos Ter\u00e1n y V\u00edctor Zanella; adem\u00e1s de la secretaria general del Partido, Juanita de la Cruz.<\/p>\n<p>Del mismo modo, particip\u00f3 el diputado federal El\u00edas Lixa Abimerhi, coordinador del GPPAN en la C\u00e1mara de Diputados del H. Congreso de la Uni\u00f3n, quien comparti\u00f3 el panorama legislativo y los desaf\u00edos que se atienden desde San L\u00e1zaro.<\/p>\n<p>Durante su ponencia, el legislador cont\u00f3 con la compa\u00f1\u00eda de los diputados federales panistas Diana Guti\u00e9rrez y Alan Sahir M\u00e1rquez.<\/p>\n<p>Destac\u00f3 tambi\u00e9n la participaci\u00f3n de la secretaria de Econom\u00eda y el secretario de Salud del Gobierno de la Gente, Claudia Cristina Villase\u00f1or Aguilar y Gabriel Alfredo Cort\u00e9s Alcal\u00e1, quienes compartieron con las y los legisladores de Acci\u00f3n Nacional el estado actual de sus respectivas \u00e1reas en la entidad, as\u00ed como los retos que enfrentan.<\/p>\n","protected":false},"excerpt":{"rendered":"<p>Le\u00f3n, Guanajuato, a 13 de febrero de 2025.\u2013 Con rumbo al Segundo Periodo Ordinario de Sesiones, el Grupo Parlamentario del PAN en Guanajuato realiz\u00f3 su primera Reuni\u00f3n Plenaria del 2025, en la que se enfatiz\u00f3 la importancia de mantener la unidad, el compromiso y la responsabilidad que conlleva representar a [&hellip;]<\/p>\n","protected":false},"author":1,"featured_media":12631,"comment_status":"open","ping_status":"open","sticky":false,"template":"","format":"standard","meta":[],"categories":[7],"tags":[],"_links":{"self":[{"href":"https:\/\/inforedguanajuato.com\/index.php?rest_route=\/wp\/v2\/posts\/12630"}],"collection":[{"href":"https:\/\/inforedguanajuato.com\/index.php?rest_route=\/wp\/v2\/posts"}],"about":[{"href":"https:\/\/inforedguanajuato.com\/index.php?rest_route=\/wp\/v2\/types\/post"}],"author":[{"embeddable":true,"href":"https:\/\/inforedguanajuato.com\/index.php?rest_route=\/wp\/v2\/users\/1"}],"replies":[{"embeddable":true,"href":"https:\/\/inforedguanajuato.com\/index.php?rest_route=%2Fwp%2Fv2%2Fcomments&post=12630"}],"version-history":[{"count":1,"href":"https:\/\/inforedguanajuato.com\/index.php?rest_route=\/wp\/v2\/posts\/12630\/revisions"}],"predecessor-version":[{"id":12632,"href":"https:\/\/inforedguanajuato.com\/index.php?rest_route=\/wp\/v2\/posts\/12630\/revisions\/12632"}],"wp:featuredmedia":[{"embeddable":true,"href":"https:\/\/inforedguanajuato.com\/index.php?rest_route=\/wp\/v2\/media\/12631"}],"wp:attachment":[{"href":"https:\/\/inforedguanajuato.com\/index.php?rest_route=%2Fwp%2Fv2%2Fmedia&parent=12630"}],"wp:term":[{"taxonomy":"category","embeddable":true,"href":"https:\/\/inforedguanajuato.com\/index.php?rest_route=%2Fwp%2Fv2%2Fcategories&post=12630"},{"taxonomy":"post_tag","embeddable":true,"href":"https:\/\/inforedguanajuato.com\/index.php?rest_route=%2Fwp%2Fv2%2Ftags&post=12630"}],"curies":[{"name":"wp","href":"https:\/\/api.w.org\/{rel}","templated":true}]}}