{"id":12702,"date":"2025-02-21T13:05:10","date_gmt":"2025-02-21T18:05:10","guid":{"rendered":"https:\/\/inforedguanajuato.com\/?p=12702"},"modified":"2025-02-21T13:05:12","modified_gmt":"2025-02-21T18:05:12","slug":"aprueban-terna-para-ocupar-la-titularidad-de-la-prodheg-el-proximo-27-de-febrero-designara-el-congreso-del-estado-al-nuevo-titular","status":"publish","type":"post","link":"https:\/\/inforedguanajuato.com\/?p=12702","title":{"rendered":"APRUEBAN TERNA PARA OCUPAR LA TITULARIDAD DE LA PRODHEG EL PROXIMO 27 DE FEBRERO DESIGNARA EL CONGRESO DEL ESTADO AL NUEVO TITULAR."},"content":{"rendered":"<p>Guanajuato, Gto21 febrero 2025. \u2013 La Comisi\u00f3n de Derechos humanos y Atenci\u00f3n a Grupos Vulnerables aprob\u00f3 el dictamen de los expedientes remitidos para la designaci\u00f3n de la persona titular de la Procuradur\u00eda de los Derechos Humanos del Estado de Guanajuato (PRODHEG).<\/p>\n<p>En el acuerdo se propone a las siguientes personas: Efra\u00edn Alcal\u00e1 Ch\u00e1vez, Karla Gabriela Alcaraz Olvera y Ana Wendy Mu\u00f1oz G\u00f3mez, y se se\u00f1ala que re\u00fanen los requisitos constitucionales y legales para que se designe de entre ellas a quien deba ocupar el cargo de titular de la PRODHEG por el t\u00e9rmino de cuatro a\u00f1os, que se contar\u00e1 a partir del momento en que rinda su protesta.<\/p>\n<p>En el apartado de asuntos generales, la diputada Ana Mar\u00eda Esquivel Arrona extern\u00f3 su benepl\u00e1cito con el trabajo realizado para tener la terna para ocupar la titularidad de la PRODHEG y que el dictamen era una muestra de que est\u00e1n comprometidos con la protecci\u00f3n y procuraci\u00f3n de los derechos humanos. Mencion\u00f3 que estaba satisfecha con los resultados y que se estaba poniendo la muestra de que iban por los ciudadanos.<\/p>\n<p>Por su parte, el congresista Jes\u00fas Hern\u00e1ndez Hern\u00e1ndez indic\u00f3 que hoy se marcaba la historia en el proceso de designaci\u00f3n de la persona titular de la PRODHEG, que fue una convocatoria abierta y se vio el compromiso de la sociedad. A\u00f1adi\u00f3 que se consign\u00f3 un registro hist\u00f3rico de 22 personas candidatas.<\/p>\n<p>El legislador Jos\u00e9 Salvador Tovar Vargas reflexion\u00f3 sobre c\u00f3mo se lleg\u00f3 a la resoluci\u00f3n y a la votaci\u00f3n de este dictamen. Subray\u00f3 que la designaci\u00f3n ser\u00e1 fundamental para que los derechos humanos sean respetados en todas las esferas de la vida p\u00fablica del estado y celebr\u00f3 que el proceso haya sido totalmente ciudadano.<\/p>\n<p>Finalmente, la diputada Pl\u00e1sida Calzada Vel\u00e1zquez se sum\u00f3 a la satisfacci\u00f3n de c\u00f3mo se lleg\u00f3 a esta etapa final, y enfatiz\u00f3 que ser\u00e1 el Pleno quien elija a uno de los perfiles. Agradeci\u00f3 la apertura para el di\u00e1logo y reconoci\u00f3 a los 22 aspirantes, as\u00ed como la participaci\u00f3n de todas las asociaciones que les postularon.<\/p>\n<p>Para concluir, remarc\u00f3 que como Comisi\u00f3n refrendan su compromiso de seguir trabajando por un mejor Guanajuato.<\/p>\n","protected":false},"excerpt":{"rendered":"<p>Guanajuato, Gto21 febrero 2025. \u2013 La Comisi\u00f3n de Derechos humanos y Atenci\u00f3n a Grupos Vulnerables aprob\u00f3 el dictamen de los expedientes remitidos para la designaci\u00f3n de la persona titular de la Procuradur\u00eda de los Derechos Humanos del Estado de Guanajuato (PRODHEG). En el acuerdo se propone a las siguientes personas: [&hellip;]<\/p>\n","protected":false},"author":1,"featured_media":12703,"comment_status":"open","ping_status":"open","sticky":false,"template":"","format":"standard","meta":[],"categories":[7],"tags":[],"_links":{"self":[{"href":"https:\/\/inforedguanajuato.com\/index.php?rest_route=\/wp\/v2\/posts\/12702"}],"collection":[{"href":"https:\/\/inforedguanajuato.com\/index.php?rest_route=\/wp\/v2\/posts"}],"about":[{"href":"https:\/\/inforedguanajuato.com\/index.php?rest_route=\/wp\/v2\/types\/post"}],"author":[{"embeddable":true,"href":"https:\/\/inforedguanajuato.com\/index.php?rest_route=\/wp\/v2\/users\/1"}],"replies":[{"embeddable":true,"href":"https:\/\/inforedguanajuato.com\/index.php?rest_route=%2Fwp%2Fv2%2Fcomments&post=12702"}],"version-history":[{"count":1,"href":"https:\/\/inforedguanajuato.com\/index.php?rest_route=\/wp\/v2\/posts\/12702\/revisions"}],"predecessor-version":[{"id":12704,"href":"https:\/\/inforedguanajuato.com\/index.php?rest_route=\/wp\/v2\/posts\/12702\/revisions\/12704"}],"wp:featuredmedia":[{"embeddable":true,"href":"https:\/\/inforedguanajuato.com\/index.php?rest_route=\/wp\/v2\/media\/12703"}],"wp:attachment":[{"href":"https:\/\/inforedguanajuato.com\/index.php?rest_route=%2Fwp%2Fv2%2Fmedia&parent=12702"}],"wp:term":[{"taxonomy":"category","embeddable":true,"href":"https:\/\/inforedguanajuato.com\/index.php?rest_route=%2Fwp%2Fv2%2Fcategories&post=12702"},{"taxonomy":"post_tag","embeddable":true,"href":"https:\/\/inforedguanajuato.com\/index.php?rest_route=%2Fwp%2Fv2%2Ftags&post=12702"}],"curies":[{"name":"wp","href":"https:\/\/api.w.org\/{rel}","templated":true}]}}