{"id":12716,"date":"2025-02-26T12:44:32","date_gmt":"2025-02-26T17:44:32","guid":{"rendered":"https:\/\/inforedguanajuato.com\/?p=12716"},"modified":"2025-02-26T12:44:33","modified_gmt":"2025-02-26T17:44:33","slug":"reforma-a-ley-de-amparo-perjudicara-a-los-mas-desprotegidos-diputado-del-pri-arturo-yanez","status":"publish","type":"post","link":"https:\/\/inforedguanajuato.com\/?p=12716","title":{"rendered":"REFORMA A LEY DE AMPARO PERJUDICAR\u00c1 A LOS M\u00c1S DESPROTEGIDOS: DIPUTADO DEL PRI, ARTURO Y\u00c1\u00d1EZ"},"content":{"rendered":"<p>San L\u00e1zaro, 26 febrero 2025.-Arturo Y\u00e1\u00f1ez Cu\u00e9llar, diputado del Grupo Parlamentario del PRI, se\u00f1al\u00f3 que con la reforma a la Ley de Amparo que aprob\u00f3 Morena y sus aliados quien tenga dinero para promover este recurso a trav\u00e9s de un abogado lo har\u00e1 y los efectos s\u00f3lo beneficiar\u00e1n a quien lo promovi\u00f3.<br \/>\nCon ello, dijo, el oficialismo est\u00e1 acabando con el Poder Judicial y el Estado de Derecho de este pa\u00eds; \u201cse olvidaron de la agenda del pueblo. Este es ya un retroceso a nuestro Poder Judicial que de nada servir\u00e1n a M\u00e9xico sus jueces y sus magistrados que ahora solo apoyar\u00e1n m\u00e1s reformas y derechos que causen da\u00f1o\u201d.<br \/>\nRecord\u00f3 que el \u00fanico poder de defensa que ten\u00eda un mexicano era el juicio de amparo y hoy con esta Reforma, s\u00f3lo van a dejar a quienes tengan condiciones econ\u00f3micas para poder promoverlo<br \/>\nEl legislador priista asegur\u00f3 que al oficialismo se le olvid\u00f3 lo que le prometi\u00f3 tanto al pueblo de M\u00e9xico, que es defenderlo; ahora, indic\u00f3, nos est\u00e1 llevando al peor retroceso de la historia.<br \/>\nEsta Reforma, sostuvo, ahuyenta a calificadoras, ahuyenta inversiones y ustedes est\u00e1n conscientes de ello. \u201cUstedes primero buscan la dictadura, segundo la corrupci\u00f3n y despu\u00e9s concentrar al poder\u201d, aclar\u00f3.<br \/>\nArturo Y\u00e1\u00f1ez expres\u00f3 que el PRI alzar\u00e1 la voz contra esta Reforma y del retroceso que causar\u00e1 al Sistema Judicial de M\u00e9xico y que la historia los juzgue.<\/p>\n","protected":false},"excerpt":{"rendered":"<p>San L\u00e1zaro, 26 febrero 2025.-Arturo Y\u00e1\u00f1ez Cu\u00e9llar, diputado del Grupo Parlamentario del PRI, se\u00f1al\u00f3 que con la reforma a la Ley de Amparo que aprob\u00f3 Morena y sus aliados quien tenga dinero para promover este recurso a trav\u00e9s de un abogado lo har\u00e1 y los efectos s\u00f3lo beneficiar\u00e1n a quien [&hellip;]<\/p>\n","protected":false},"author":1,"featured_media":12717,"comment_status":"open","ping_status":"open","sticky":false,"template":"","format":"standard","meta":[],"categories":[7],"tags":[],"_links":{"self":[{"href":"https:\/\/inforedguanajuato.com\/index.php?rest_route=\/wp\/v2\/posts\/12716"}],"collection":[{"href":"https:\/\/inforedguanajuato.com\/index.php?rest_route=\/wp\/v2\/posts"}],"about":[{"href":"https:\/\/inforedguanajuato.com\/index.php?rest_route=\/wp\/v2\/types\/post"}],"author":[{"embeddable":true,"href":"https:\/\/inforedguanajuato.com\/index.php?rest_route=\/wp\/v2\/users\/1"}],"replies":[{"embeddable":true,"href":"https:\/\/inforedguanajuato.com\/index.php?rest_route=%2Fwp%2Fv2%2Fcomments&post=12716"}],"version-history":[{"count":1,"href":"https:\/\/inforedguanajuato.com\/index.php?rest_route=\/wp\/v2\/posts\/12716\/revisions"}],"predecessor-version":[{"id":12718,"href":"https:\/\/inforedguanajuato.com\/index.php?rest_route=\/wp\/v2\/posts\/12716\/revisions\/12718"}],"wp:featuredmedia":[{"embeddable":true,"href":"https:\/\/inforedguanajuato.com\/index.php?rest_route=\/wp\/v2\/media\/12717"}],"wp:attachment":[{"href":"https:\/\/inforedguanajuato.com\/index.php?rest_route=%2Fwp%2Fv2%2Fmedia&parent=12716"}],"wp:term":[{"taxonomy":"category","embeddable":true,"href":"https:\/\/inforedguanajuato.com\/index.php?rest_route=%2Fwp%2Fv2%2Fcategories&post=12716"},{"taxonomy":"post_tag","embeddable":true,"href":"https:\/\/inforedguanajuato.com\/index.php?rest_route=%2Fwp%2Fv2%2Ftags&post=12716"}],"curies":[{"name":"wp","href":"https:\/\/api.w.org\/{rel}","templated":true}]}}