{"id":12790,"date":"2025-03-06T19:59:49","date_gmt":"2025-03-07T00:59:49","guid":{"rendered":"https:\/\/inforedguanajuato.com\/?p=12790"},"modified":"2025-03-06T19:59:50","modified_gmt":"2025-03-07T00:59:50","slug":"llaman-a-fortalecer-la-politica-publica-para-visibilizar-las-lenguas-indigenas-en-el-estado","status":"publish","type":"post","link":"https:\/\/inforedguanajuato.com\/?p=12790","title":{"rendered":"Llaman a fortalecer la pol\u00edtica p\u00fablica para visibilizar las lenguas ind\u00edgenas en el estado."},"content":{"rendered":"<p>Guanajuato, Gto 6 marzo 2025. \u2013 En sesi\u00f3n ordinaria, el grupo parlamentario del Partido MORENA present\u00f3 un punto de acuerdo con el objeto de fortalecer la pol\u00edtica p\u00fablica para visibilizar las lenguas ind\u00edgenas en el estado.<\/p>\n<p>La propuesta contempla exhortar a la gobernadora del estado, Libia Denisse Garc\u00eda Mu\u00f1oz Ledo, para que incluya la frase K\u00edna Sah\u00ed (p\u00e1sale) proveniente de la lengua originaria (chichimeca jon\u00e1z), as\u00ed como tambi\u00e9n en otom\u00ed en la se\u00f1al\u00e9tica de espacios p\u00fablicos, instalaciones culturales oficiales, oficinas y en los letreros de bienvenida al estado y cabeceras municipales.<\/p>\n<p>De igual manera, pedir al Instituto Estatal de la Cultura, a la Secretar\u00eda de Derechos Humanos y a la Secretar\u00eda de Educaci\u00f3n de Guanajuato para que, en el \u00e1mbito de sus competencias, mejoren las acciones de promoci\u00f3n, educaci\u00f3n popular y difusi\u00f3n que contribuyan a la revitalizaci\u00f3n y protecci\u00f3n del patrimonio ling\u00fc\u00edstico del estado, tales como la visibilizaci\u00f3n de la lengua chichimeca jon\u00e1z en los diversos espacios p\u00fablicos.<\/p>\n<p>Tambi\u00e9n, para que la actual Legislatura lleve a cabo las acciones necesarias para adecuar la se\u00f1al\u00e9tica de los espacios pertinentes del Poder Legislativo del Estado, con la finalidad de incluir la lengua chichimeca jon\u00e1z y otom\u00ed.<\/p>\n<p>Adem\u00e1s, con la finalidad de que el Instituto Estatal de la Cultura lleve a cabo pol\u00edticas p\u00fablicas que visibilicen y sensibilicen a la poblaci\u00f3n en general sobre la importancia de la preservaci\u00f3n de las lenguas originarias que se hablan en la entidad; forme, capacite, actualice y profesionalice a los int\u00e9rpretes de las diversas lenguas originarias que se hablan en el estado; lleve a cabo convenios con diversas autoridades federales, estatales y municipales, para realizar acciones afirmativas dirigidas a la promoci\u00f3n, conservaci\u00f3n y protecci\u00f3n del patrimonio cultural intangible de los pueblos y comunidades ind\u00edgenas, y en particular, el fomento y uso en los espacios p\u00fablicos de las lenguas originarias que se hablan en el Estado.<\/p>\n<p>Finalmente, para pedir a los 46 municipios del Estado para que, en caso de contar con poblaci\u00f3n ind\u00edgena, adopten el uso en la se\u00f1al\u00e9tica, de la lengua de los pueblos originarios avecindados en su localidad.<\/p>\n<p>En este punto se manifest\u00f3 que existen m\u00faltiples pol\u00edticas p\u00fablicas en la actualidad en las que, pese a la reiterada presunci\u00f3n de inclusividad en campa\u00f1as publicitarias de gobiernos locales, se identifican pruebas de la falta de sensibilidad y otras formas toleradas de exclusi\u00f3n con respecto a la diversidad cultural.<br \/>\nEl diputado David Mart\u00ednez Mendiz\u00e1bal dio lectura a las consideraciones de la propuesta y se refiri\u00f3 a una propuesta presentada y aprobada en 2022 en la misma materia, pero que ahora se ampl\u00eda el alcance del acuerdo para sean todas las lenguas originarias habladas en Guanajuato las que se tomen en cuenta.<\/p>\n<p>\u201cConsideramos prudente reiterar en esta tribuna nuestra preocupaci\u00f3n por este bien patrimonial guanajuatense en riesgo y la conveniencia de llevar a cabo acciones afirmativas para su protecci\u00f3n, lo mismo que para otras variantes de esta lengua\u201d, enfatiz\u00f3.<\/p>\n<p>Agreg\u00f3 que, la gran mayor\u00eda de la poblaci\u00f3n del estado de Guanajuato desconoce la existencia de lenguas ind\u00edgenas habladas en su territorio, y las poblaciones originarias tienden a mimetizarse para evitar la exclusi\u00f3n, limitando el uso de la lengua al \u00e1mbito familiar, y que esa silenciosa forma de exclusi\u00f3n por ejercer en p\u00fablico el lenguaje impide siga siendo aprendido y practicado, por lo que se ha reducido el n\u00famero de hablantes.<\/p>\n<p>\u201cSi no reconocemos y protegemos la presencia de las sociedades ind\u00edgenas, no podemos afirmar que vamos por buen camino; no est\u00e1n en el pasado, no las queremos como piezas de museo, m\u00e1s bien, si no hacemos lo que nos toca, podemos estar en el futuro sin la riqueza cultural que nos aportan y sin lugar a duda es un hecho que cuando la cultura se pierde empobrecemos todos\u201d, subray\u00f3 el legislador.<\/p>\n<p>Finalmente, mencion\u00f3 que no se observa se lleve a cabo el fomento y uso en los espacios p\u00fablicos de las lenguas originarias que se hablan en el Estado, por lo que era necesario volver a retomar el tema a favor de la visibilizaci\u00f3n de las sociedades ind\u00edgenas originarias.<\/p>\n","protected":false},"excerpt":{"rendered":"<p>Guanajuato, Gto 6 marzo 2025. \u2013 En sesi\u00f3n ordinaria, el grupo parlamentario del Partido MORENA present\u00f3 un punto de acuerdo con el objeto de fortalecer la pol\u00edtica p\u00fablica para visibilizar las lenguas ind\u00edgenas en el estado. La propuesta contempla exhortar a la gobernadora del estado, Libia Denisse Garc\u00eda Mu\u00f1oz Ledo, [&hellip;]<\/p>\n","protected":false},"author":1,"featured_media":12791,"comment_status":"open","ping_status":"open","sticky":false,"template":"","format":"standard","meta":[],"categories":[7],"tags":[],"_links":{"self":[{"href":"https:\/\/inforedguanajuato.com\/index.php?rest_route=\/wp\/v2\/posts\/12790"}],"collection":[{"href":"https:\/\/inforedguanajuato.com\/index.php?rest_route=\/wp\/v2\/posts"}],"about":[{"href":"https:\/\/inforedguanajuato.com\/index.php?rest_route=\/wp\/v2\/types\/post"}],"author":[{"embeddable":true,"href":"https:\/\/inforedguanajuato.com\/index.php?rest_route=\/wp\/v2\/users\/1"}],"replies":[{"embeddable":true,"href":"https:\/\/inforedguanajuato.com\/index.php?rest_route=%2Fwp%2Fv2%2Fcomments&post=12790"}],"version-history":[{"count":1,"href":"https:\/\/inforedguanajuato.com\/index.php?rest_route=\/wp\/v2\/posts\/12790\/revisions"}],"predecessor-version":[{"id":12792,"href":"https:\/\/inforedguanajuato.com\/index.php?rest_route=\/wp\/v2\/posts\/12790\/revisions\/12792"}],"wp:featuredmedia":[{"embeddable":true,"href":"https:\/\/inforedguanajuato.com\/index.php?rest_route=\/wp\/v2\/media\/12791"}],"wp:attachment":[{"href":"https:\/\/inforedguanajuato.com\/index.php?rest_route=%2Fwp%2Fv2%2Fmedia&parent=12790"}],"wp:term":[{"taxonomy":"category","embeddable":true,"href":"https:\/\/inforedguanajuato.com\/index.php?rest_route=%2Fwp%2Fv2%2Fcategories&post=12790"},{"taxonomy":"post_tag","embeddable":true,"href":"https:\/\/inforedguanajuato.com\/index.php?rest_route=%2Fwp%2Fv2%2Ftags&post=12790"}],"curies":[{"name":"wp","href":"https:\/\/api.w.org\/{rel}","templated":true}]}}