{"id":12796,"date":"2025-03-06T20:05:35","date_gmt":"2025-03-07T01:05:35","guid":{"rendered":"https:\/\/inforedguanajuato.com\/?p=12796"},"modified":"2025-03-06T20:05:36","modified_gmt":"2025-03-07T01:05:36","slug":"reciben-informe-de-actividades-del-fiscal-general-y-primer-informe-del-poder-ejecutivo-estatal","status":"publish","type":"post","link":"https:\/\/inforedguanajuato.com\/?p=12796","title":{"rendered":"Reciben informe de actividades del Fiscal General y primer informe del Poder Ejecutivo estatal"},"content":{"rendered":"<p>Guanajuato, Gto 6 marzo 2025. \u2013 En sesi\u00f3n ordinaria, el Pleno del Congreso local recibi\u00f3 los informes de actividades del Fiscal General y del Poder Ejecutivo estatal.<\/p>\n<p>Adem\u00e1s, se aprob\u00f3 el dictamen en el cual se ordena el archivo definitivo de dos propuestas de punto de acuerdo formuladas en la LXV Legislatura. Una buscaba exhortar a titular del Poder Ejecutivo estatal para que iniciara un procedimiento de revisi\u00f3n y an\u00e1lisis del estatus que guardan actualmente los avances en la implementaci\u00f3n de los Juzgados C\u00edvicos municipales en el Estado; la otra, pedir a diversos municipios del Estado contar con la m\u00ednima integraci\u00f3n de los juzgados administrativos municipales.<\/p>\n<p>Mismo tr\u00e1mite tuvieron los informes de las transferencias y ajustes presupuestales y de los conceptos generales de los estados financieros de los recursos presupuestales del Poder Legislativo del Estado, correspondientes al periodo del 1 al 31 de diciembre de 2024; as\u00ed como el informe de los conceptos generales de los estados financieros de los recursos presupuestales del citado Poder, relativo al periodo comprendido del 1 al 31 de enero de 2025.<\/p>\n<p>A la Comisi\u00f3n de Hacienda y Fiscalizaci\u00f3n se turn\u00f3 la cuenta de la Hacienda P\u00fablica de la Entidad Federativa, correspondiente al ejercicio fiscal 2024.<\/p>\n<p>Asuntos generales<\/p>\n<p>En el apartado de asuntos generales hicieron uso de la tribuna diputadas y diputados para abordar distintos temas.<\/p>\n<p>D\u00eda Internacional de la Mujer<\/p>\n<p>La diputada Carolina Le\u00f3n Medina refiri\u00f3 que las mujeres a\u00fan est\u00e1n lejos de la igualdad, que siguen sufriendo desigualdades intolerables y la crisis econ\u00f3mica actual no hace m\u00e1s que exacerbarla. Remarc\u00f3 que la igualdad entre hombres y mujeres es un derecho.<\/p>\n<p>Adem\u00e1s, habl\u00f3 sobre diversas mujeres que lucharon para conseguir los derechos civiles, y educativos, entre otros.<\/p>\n<p>En su intervenci\u00f3n, la legisladora Luz Itzel Mendo Gonz\u00e1lez manifest\u00f3 que las mujeres siguen siendo afectadas y sus derechos violentados. Que se tiene que reconocer a las mujeres que siguen luchando incansablemente por sus derechos, que son capaces de alcanzar lo que propongan y aplaudi\u00f3 el poder que reside en cada una de ellas.<\/p>\n<p>Finaliz\u00f3 comentando que hoy m\u00e1s que nunca se necesita a las mujeres liderando, pero que mientras a alguna le siga faltando el pleno ejercicio de sus derechos, la lucha no terminar\u00eda.<\/p>\n<p>Por su parte, la legisladora Mar\u00eda Isabel Ortiz Mantilla se\u00f1al\u00f3 que el 8 de marzo es una conmemoraci\u00f3n donde se reconoce la lucha de todas las mujeres que les antecedieron, y que era momento para pensar qu\u00e9 es lo que a ellos les toca trabajar y qu\u00e9 heredar\u00e1n.<\/p>\n<p>Apunt\u00f3 que, es momento de reflexionar no si es un tema s\u00ed o un tema no, que la agenda de la mujer es muy amplia, que no se ten\u00eda que quedar en debates pol\u00edtico-partidistas, sino trabajar en las necesidades profundas y hacer posible un consenso de una agenda para todas las mujeres.<\/p>\n<p>La diputada Noem\u00ed M\u00e1rquez M\u00e1rquez expres\u00f3 que, sin la valent\u00eda, resistencia y la voz de mujeres que no han aparecido en el registro de la historia y que han permanecido en el anonimato, ser\u00eda imposible pensar en la visibilidad de las mujeres en los espacios p\u00fablicos, puesto que su lucha ha sido clave para que las ni\u00f1as, adolescentes y mujeres de hoy puedan desarrollar todo su potencial y sus proyectos de vida de manera satisfactoria.<\/p>\n<p>En su oportunidad, la congresista Maribel Aguilar Gonz\u00e1lez reconoci\u00f3 a las mujeres que han perdido la vida en la lucha por la igualdad. Dijo que alzaba la voz por las que continuaban la lucha por un mundo m\u00e1s justo, por la igualdad de g\u00e9nero y por el fin del mundo machista, y habl\u00f3 de las condiciones que a\u00fan enfrentan las mujeres; as\u00ed como de las deficiencias que existen aun en las leyes y el sistema de justicia.<\/p>\n<p>Por su parte, la legisladora Roc\u00edo Cervantes Barba se\u00f1al\u00f3 que buscan eliminar cualquier obst\u00e1culo que impida el pleno desarrollo de las mujeres. Habl\u00f3 que las mujeres requieren seguridad y oportunidades, que reconocer la importancia del D\u00eda de la Mujer es validar lo avances que se han logrado, pero tambi\u00e9n recordar que a\u00fan son numerosas las desigualdades que hay que erradicar.<\/p>\n<p>Aranceles<\/p>\n<p>El diputado Rodrigo Gonz\u00e1lez Zaragoza habl\u00f3 acerca de los aranceles impuestos por el gobierno estadounidense en los que resalt\u00f3 que el incremento de precios es una buena oportunidad para reactivar la econom\u00eda de la zona consumiendo insumos locales y fortaleciendo la producci\u00f3n de las empresas del estado para contener la pol\u00edtica agresiva de los vecinos del norte.<\/p>\n<p>Inseguridad<\/p>\n<p>La legisladora Mar\u00eda Eugenia Garc\u00eda Oliveros manifest\u00f3 que existe una enorme ola de violencia que azota a las comunidades y a la ciudadan\u00eda de Apaseo el Grande, por lo que pidi\u00f3 al presidente municipal de dicho municipio priorice la revisi\u00f3n del nombramiento del director de Seguridad P\u00fablica y revise los informes trimestrales que debe presentar en el Ayuntamiento, junto a un llamado para que exista la suficiente coordinaci\u00f3n entre los diferentes cuerpos se seguridad p\u00fablica federales, estatales y municipales.<\/p>\n<p>Medicamentos<\/p>\n<p>El congresista Antonio Chaurand Sorzano indic\u00f3 que Jalisco y Quer\u00e9taro se sumaron a la adquisici\u00f3n de insumos de medicamentos del Gobierno Federal, junto a que se inici\u00f3 la repartici\u00f3n de 400 millones de piezas de insumos de medicamentos y que se elabor\u00f3 un manual de procedimiento para optimizar los tratamientos donde se incluye a la poblaci\u00f3n infantil.<\/p>\n","protected":false},"excerpt":{"rendered":"<p>Guanajuato, Gto 6 marzo 2025. \u2013 En sesi\u00f3n ordinaria, el Pleno del Congreso local recibi\u00f3 los informes de actividades del Fiscal General y del Poder Ejecutivo estatal. Adem\u00e1s, se aprob\u00f3 el dictamen en el cual se ordena el archivo definitivo de dos propuestas de punto de acuerdo formuladas en la [&hellip;]<\/p>\n","protected":false},"author":1,"featured_media":12797,"comment_status":"open","ping_status":"open","sticky":false,"template":"","format":"standard","meta":[],"categories":[7],"tags":[],"_links":{"self":[{"href":"https:\/\/inforedguanajuato.com\/index.php?rest_route=\/wp\/v2\/posts\/12796"}],"collection":[{"href":"https:\/\/inforedguanajuato.com\/index.php?rest_route=\/wp\/v2\/posts"}],"about":[{"href":"https:\/\/inforedguanajuato.com\/index.php?rest_route=\/wp\/v2\/types\/post"}],"author":[{"embeddable":true,"href":"https:\/\/inforedguanajuato.com\/index.php?rest_route=\/wp\/v2\/users\/1"}],"replies":[{"embeddable":true,"href":"https:\/\/inforedguanajuato.com\/index.php?rest_route=%2Fwp%2Fv2%2Fcomments&post=12796"}],"version-history":[{"count":1,"href":"https:\/\/inforedguanajuato.com\/index.php?rest_route=\/wp\/v2\/posts\/12796\/revisions"}],"predecessor-version":[{"id":12798,"href":"https:\/\/inforedguanajuato.com\/index.php?rest_route=\/wp\/v2\/posts\/12796\/revisions\/12798"}],"wp:featuredmedia":[{"embeddable":true,"href":"https:\/\/inforedguanajuato.com\/index.php?rest_route=\/wp\/v2\/media\/12797"}],"wp:attachment":[{"href":"https:\/\/inforedguanajuato.com\/index.php?rest_route=%2Fwp%2Fv2%2Fmedia&parent=12796"}],"wp:term":[{"taxonomy":"category","embeddable":true,"href":"https:\/\/inforedguanajuato.com\/index.php?rest_route=%2Fwp%2Fv2%2Fcategories&post=12796"},{"taxonomy":"post_tag","embeddable":true,"href":"https:\/\/inforedguanajuato.com\/index.php?rest_route=%2Fwp%2Fv2%2Ftags&post=12796"}],"curies":[{"name":"wp","href":"https:\/\/api.w.org\/{rel}","templated":true}]}}