{"id":13377,"date":"2025-07-10T21:58:35","date_gmt":"2025-07-11T02:58:35","guid":{"rendered":"https:\/\/inforedguanajuato.com\/?p=13377"},"modified":"2025-07-10T21:58:37","modified_gmt":"2025-07-11T02:58:37","slug":"el-gobierno-de-la-gente-y-el-inha-firman-convenio-para-conservar-el-patrimono-cultural-del-estado","status":"publish","type":"post","link":"https:\/\/inforedguanajuato.com\/?p=13377","title":{"rendered":"EL GOBIERNO DE LA GENTE Y EL INHA FIRMAN CONVENIO PARA CONSERVAR EL PATRIMONO CULTURAL DEL ESTADO."},"content":{"rendered":"<p>Guanajuato, Gto., 10 de julio de 2025.- En el marco de la conmemoraci\u00f3n del 55 aniversario del Centro del Instituto Nacional de Antropolog\u00eda e Historia (INAH) en Guanajuato, la Gobernadora de la Gente, Libia Dennise Garc\u00eda Mu\u00f1oz Ledo, encabez\u00f3 la celebraci\u00f3n en el Patio Central del Museo Regional de Guanajuato Alh\u00f3ndiga de Granaditas, donde se destac\u00f3 el compromiso compartido con la conservaci\u00f3n, protecci\u00f3n y difusi\u00f3n del patrimonio cultural de la entidad.<\/p>\n<p>\u201cComo Gobernadora y como guanajuatense, me siento muy orgullosa de participar hoy en el 55 aniversario del Centro del Instituto Nacional de Antropolog\u00eda e Historia de Guanajuato. Todo mi reconocimiento a las mujeres y hombres que en estos 55 a\u00f1os de historia han cuidado y protegido el rico patrimonio hist\u00f3rico, cultural, monumental y arqueol\u00f3gico de nuestro estado\u201d, dijo Libia Dennise.<\/p>\n<p>Durante su intervenci\u00f3n, la Gobernadora reconoci\u00f3 la invaluable labor que ha realizado el INAH desde su llegada al estado en 1970, subrayando que su presencia ha sido fundamental para el rescate, la preservaci\u00f3n y la divulgaci\u00f3n del legado hist\u00f3rico, arqueol\u00f3gico y paleontol\u00f3gico de Guanajuato.<\/p>\n<p>Como parte del evento, se firm\u00f3 un nuevo Convenio de Colaboraci\u00f3n entre el Gobierno del Estado y el Centro INAH Guanajuato, a trav\u00e9s del cual ambas instituciones sumar\u00e1n esfuerzos, capacidades y recursos para continuar fortaleciendo la protecci\u00f3n del patrimonio cultural en los 46 municipios del estado.<\/p>\n<p>\u201cLa invitaci\u00f3n es a seguir trabajando unidos en una tarea fundamental de nuestro estado como es la conservaci\u00f3n y protecci\u00f3n de nuestro patrimonio hist\u00f3rico y cultural. Por eso hemos firmado este Convenio de Colaboraci\u00f3n para sumar esfuerzos, capacidades y recursos en la protecci\u00f3n, conservaci\u00f3n y difusi\u00f3n del patrimonio cultural, que es de todas y todos\u201d, expres\u00f3 la Mandataria Estatal.<\/p>\n<p>El convenio se enmarca en una relaci\u00f3n hist\u00f3rica de cooperaci\u00f3n entre ambas instancias, ejemplificada en el modelo \u00fanico a nivel nacional del Fideicomiso FIARCA, que ha permitido el rescate y operaci\u00f3n de zonas arqueol\u00f3gicas como Plazuelas, Peralta, Ca\u00f1ada de la Virgen y El C\u00f3poro, entre otras.<\/p>\n<p>Por su parte, el Director General del INAH, Diego Prieto Hern\u00e1ndez, destac\u00f3 que Guanajuato es un estado con importancia milenaria por sus culturas ancestrales, las cuales se mantienen vivas y que aun ascienden en la pluriculturalidad de las culturas originarias.<\/p>\n<p>\u201cLa presencia de las autoridades acredita el reconocimiento que ha alcanzado el INAH, acredita que es una Instituci\u00f3n reconocida por su enorme compromiso por el estudio, el cuidado, la defensa y la recuperaci\u00f3n, pero tambi\u00e9n la divulgaci\u00f3n y el disfrute social de nuestro patrimonio cultural y arqueol\u00f3gico. Por ello hay que comprometernos para que el trabajo contin\u00fae\u201d, mencion\u00f3 el Director del INAH.<\/p>\n<p>En sus 55 a\u00f1os de operaci\u00f3n en el estado, el Centro INAH ha contribuido activamente a la inscripci\u00f3n de sitios guanajuatenses en la Lista de Patrimonio Mundial de la UNESCO y ha documentado m\u00e1s de 6,500 monumentos hist\u00f3ricos en toda la entidad.<\/p>\n<p>Con este acto conmemorativo, Guanajuato ratifica su compromiso con la memoria, la identidad y el patrimonio de las y los guanajuatenses.<\/p>\n<p>En este evento participaron: Olga Adriana Hern\u00e1ndez Flores, Directora del Centro INAH Guanajuato; Samantha Smith Guti\u00e9rrez, Presidenta Municipal de Guanajuato Capital; Rub\u00e9n Salom\u00f3n Cuevas, representante de ICOMOS MX, as\u00ed como trabajadoras y trabajadores del Centro Regional del INAH en Guanajuato.<\/p>\n<p>Conmemoran el D\u00eda de la Abogac\u00eda<\/p>\n<p>Previamente la Gobernadora de la Gente, Libia Dennise Garc\u00eda Mu\u00f1oz Ledo,&nbsp;inaugur\u00f3 el Panel \u201cEl legado de la Justicia: Reflexiones sobre el Rol de la Abogada y Abogado en el Gobierno de la Gente\u201d, en el marco del D\u00eda de la Abogac\u00eda.<\/p>\n<p>\u201cEs un gusto estar aqu\u00ed, en la Universidad de Guanajuato,&nbsp;para&nbsp;conmemorar el D\u00eda de la Abogada y del Abogado, y&nbsp;as\u00ed&nbsp;celebrar a las personas que han hecho de esta profesi\u00f3n una vocaci\u00f3n de servicio a la comunidad\u201d, dijo Libia Dennise.<\/p>\n<p>Y&nbsp;no hay un mejor espacio que \u00e9ste, para esta conmemoraci\u00f3n, porque&nbsp;la&nbsp;Universidad de Guanajuato tiene una gran tradici\u00f3n y amplio reconocimiento como semillero de abogadas y abogados, agreg\u00f3 la Gobernadora.<\/p>\n<p>Libia Dennise&nbsp;luego de&nbsp;resaltar&nbsp;que el&nbsp;Derecho,&nbsp;es una herramienta para construir un entorno m\u00e1s justo, emp\u00e1tico y equitativo;&nbsp;hizo un llamado a las abogadas y abogados al&nbsp;compromiso con la justicia, la dignidad humana y el verdadero sentido del Derecho.<\/p>\n<p>\u201cA seguir su profesi\u00f3n con&nbsp;causa, con vocaci\u00f3n y valent\u00eda; a&nbsp;no perder nunca de vista que la justicia no empieza en los c\u00f3digos y las leyes, sino en la empat\u00eda, la sensibilidad y el compromiso con quienes m\u00e1s lo necesitan; \u201c\u00a1Muchas Felicidades!, gracias por poner el Derecho al servicio de la gente\u201d, agreg\u00f3.&nbsp;<\/p>\n<p>Y no hay mejor manera de celebrar este D\u00eda, que compartiendo experiencias y conocimientos, como se har\u00e1 con este extraordinario panel.&nbsp;\u201cMi reconocimiento a la Consejer\u00eda Jur\u00eddica encabezada por Alejandro Sierra por esta gran iniciativa\u201d, destac\u00f3 la Gobernadora.<\/p>\n","protected":false},"excerpt":{"rendered":"<p>Guanajuato, Gto., 10 de julio de 2025.- En el marco de la conmemoraci\u00f3n del 55 aniversario del Centro del Instituto Nacional de Antropolog\u00eda e Historia (INAH) en Guanajuato, la Gobernadora de la Gente, Libia Dennise Garc\u00eda Mu\u00f1oz Ledo, encabez\u00f3 la celebraci\u00f3n en el Patio Central del Museo Regional de Guanajuato [&hellip;]<\/p>\n","protected":false},"author":1,"featured_media":13378,"comment_status":"open","ping_status":"open","sticky":false,"template":"","format":"standard","meta":[],"categories":[7],"tags":[],"_links":{"self":[{"href":"https:\/\/inforedguanajuato.com\/index.php?rest_route=\/wp\/v2\/posts\/13377"}],"collection":[{"href":"https:\/\/inforedguanajuato.com\/index.php?rest_route=\/wp\/v2\/posts"}],"about":[{"href":"https:\/\/inforedguanajuato.com\/index.php?rest_route=\/wp\/v2\/types\/post"}],"author":[{"embeddable":true,"href":"https:\/\/inforedguanajuato.com\/index.php?rest_route=\/wp\/v2\/users\/1"}],"replies":[{"embeddable":true,"href":"https:\/\/inforedguanajuato.com\/index.php?rest_route=%2Fwp%2Fv2%2Fcomments&post=13377"}],"version-history":[{"count":1,"href":"https:\/\/inforedguanajuato.com\/index.php?rest_route=\/wp\/v2\/posts\/13377\/revisions"}],"predecessor-version":[{"id":13379,"href":"https:\/\/inforedguanajuato.com\/index.php?rest_route=\/wp\/v2\/posts\/13377\/revisions\/13379"}],"wp:featuredmedia":[{"embeddable":true,"href":"https:\/\/inforedguanajuato.com\/index.php?rest_route=\/wp\/v2\/media\/13378"}],"wp:attachment":[{"href":"https:\/\/inforedguanajuato.com\/index.php?rest_route=%2Fwp%2Fv2%2Fmedia&parent=13377"}],"wp:term":[{"taxonomy":"category","embeddable":true,"href":"https:\/\/inforedguanajuato.com\/index.php?rest_route=%2Fwp%2Fv2%2Fcategories&post=13377"},{"taxonomy":"post_tag","embeddable":true,"href":"https:\/\/inforedguanajuato.com\/index.php?rest_route=%2Fwp%2Fv2%2Ftags&post=13377"}],"curies":[{"name":"wp","href":"https:\/\/api.w.org\/{rel}","templated":true}]}}