{"id":13433,"date":"2025-07-17T11:13:37","date_gmt":"2025-07-17T16:13:37","guid":{"rendered":"https:\/\/inforedguanajuato.com\/?p=13433"},"modified":"2025-07-17T11:13:38","modified_gmt":"2025-07-17T16:13:38","slug":"la-comision-de-derechos-humanos-avala-dictamen-para-la-proteccion-de-perdiodistas-y-defensores-de-los-derechos-humanos-de-guanajuato","status":"publish","type":"post","link":"https:\/\/inforedguanajuato.com\/?p=13433","title":{"rendered":"LA COMISION DE DERECHOS HUMANOS AVALA DICTAMEN PARA LA PROTECCION DE PERDIODISTAS Y DEFENSORES DE LOS DERECHOS HUMANOS DE GUANAJUATO."},"content":{"rendered":"<p>Guanajuato, Gto 17 julio 2025. \u2013 Esta ma\u00f1ana, la Comisi\u00f3n de Derechos Humanos y Atenci\u00f3n a Grupos Vulnerables reanud\u00f3 la sesi\u00f3n para aprobar el dictamen de dos iniciativas de reforma a la Ley para la Protecci\u00f3n de Personas Defensoras de Derechos Humanos y Periodistas del Estado de Guanajuato, que buscan ampliar el espectro de protecci\u00f3n jur\u00eddica de las personas defensoras de derechos humanos y periodistas en el estado de Guanajuato; fortalecer el Consejo Estatal de Protecci\u00f3n a Personas Defensoras de Derechos Humanos y Periodistas; as\u00ed como ampliar las opciones de medidas preventivas y de protecci\u00f3n contempladas en la ley.<br \/>\nEl dictamen fue aprobado por unanimidad en lo general.<br \/>\nEn lo particular, la diputada Pl\u00e1sida Calzada Vel\u00e1zquez, presidenta de la Comisi\u00f3n, coment\u00f3 que derivado de la reuni\u00f3n del 18 de junio que sostuvieron con personas periodistas y defensoras de derechos humanos se atendieron tres observaciones por lo que present\u00f3 el mismo n\u00famero de reservas.<br \/>\nLa primera, para modificar la temporalidad con la cual sesionar\u00e1 el Consejo Estatal y establecer que sesionar\u00e1 ordinariamente de manera bimestral y extraordinariamente cuando as\u00ed lo convoque su presidencia o lo solicite la mayor\u00eda de sus integrantes.<br \/>\nLa segunda, relativa a las atribuciones del Consejo para que diga atribuciones y obligaciones del Consejo Estatal; de igual manera, lo correspondiente a los principios rectores de las medidas para precisar que tendr\u00e1n los siguientes: idoneidad, inmediatez, coordinaci\u00f3n y concurrencia, eficacia, prevenci\u00f3n, temporalidad, igualdad, equidad, legalidad, propersona, consentimiento, objetividad y perspectiva de g\u00e9nero.<br \/>\nFinalmente, refiri\u00f3 que, en consonancia con esas reservas tendr\u00eda que ajustarse el art\u00edculo \u00fanico del Decreto. Las reservas fueron aprobadas.<br \/>\nEn el apartado de asuntos generales, la legisladora Ana Mar\u00eda Esquivel Arrona manifest\u00f3 que este d\u00eda se ha dado un paso adelante en la protecci\u00f3n y defensa de las personas periodistas y defensoras de derechos humanos. Agreg\u00f3 que todos estaban convencidos que se tiene que seguir avanzando en este tema y hacer las modificaciones que realmente se puedan operar.<\/p>\n","protected":false},"excerpt":{"rendered":"<p>Guanajuato, Gto 17 julio 2025. \u2013 Esta ma\u00f1ana, la Comisi\u00f3n de Derechos Humanos y Atenci\u00f3n a Grupos Vulnerables reanud\u00f3 la sesi\u00f3n para aprobar el dictamen de dos iniciativas de reforma a la Ley para la Protecci\u00f3n de Personas Defensoras de Derechos Humanos y Periodistas del Estado de Guanajuato, que buscan [&hellip;]<\/p>\n","protected":false},"author":1,"featured_media":13434,"comment_status":"open","ping_status":"open","sticky":false,"template":"","format":"standard","meta":[],"categories":[7],"tags":[],"_links":{"self":[{"href":"https:\/\/inforedguanajuato.com\/index.php?rest_route=\/wp\/v2\/posts\/13433"}],"collection":[{"href":"https:\/\/inforedguanajuato.com\/index.php?rest_route=\/wp\/v2\/posts"}],"about":[{"href":"https:\/\/inforedguanajuato.com\/index.php?rest_route=\/wp\/v2\/types\/post"}],"author":[{"embeddable":true,"href":"https:\/\/inforedguanajuato.com\/index.php?rest_route=\/wp\/v2\/users\/1"}],"replies":[{"embeddable":true,"href":"https:\/\/inforedguanajuato.com\/index.php?rest_route=%2Fwp%2Fv2%2Fcomments&post=13433"}],"version-history":[{"count":1,"href":"https:\/\/inforedguanajuato.com\/index.php?rest_route=\/wp\/v2\/posts\/13433\/revisions"}],"predecessor-version":[{"id":13435,"href":"https:\/\/inforedguanajuato.com\/index.php?rest_route=\/wp\/v2\/posts\/13433\/revisions\/13435"}],"wp:featuredmedia":[{"embeddable":true,"href":"https:\/\/inforedguanajuato.com\/index.php?rest_route=\/wp\/v2\/media\/13434"}],"wp:attachment":[{"href":"https:\/\/inforedguanajuato.com\/index.php?rest_route=%2Fwp%2Fv2%2Fmedia&parent=13433"}],"wp:term":[{"taxonomy":"category","embeddable":true,"href":"https:\/\/inforedguanajuato.com\/index.php?rest_route=%2Fwp%2Fv2%2Fcategories&post=13433"},{"taxonomy":"post_tag","embeddable":true,"href":"https:\/\/inforedguanajuato.com\/index.php?rest_route=%2Fwp%2Fv2%2Ftags&post=13433"}],"curies":[{"name":"wp","href":"https:\/\/api.w.org\/{rel}","templated":true}]}}