{"id":13445,"date":"2025-07-20T22:04:14","date_gmt":"2025-07-21T03:04:14","guid":{"rendered":"https:\/\/inforedguanajuato.com\/?p=13445"},"modified":"2025-07-20T22:04:16","modified_gmt":"2025-07-21T03:04:16","slug":"inicia-la-fiesta-que-nos-une-como-familia-en-el-festival-de-verano-vive-leon-2025","status":"publish","type":"post","link":"https:\/\/inforedguanajuato.com\/?p=13445","title":{"rendered":"Inicia la fiesta que nos une como familia en el Festival de Verano Vive Le\u00f3n 2025."},"content":{"rendered":"<p>Le\u00f3n, Gto. 20 de julio de 2025.- &#8220;Me encanta que esta feria tenga un enfoque familiar, porque eso es lo que nos distingue, que aqu\u00ed siempre pensamos en la familia, en nuestras ni\u00f1as y en nuestros ni\u00f1os. Pensemos tambi\u00e9n en la econom\u00eda de nuestra ciudad y de nuestro estado; por eso este Festival representa una gran oportunidad para nuestros comerciantes y para nuestros productores de Marca Guanajuato&#8221;.<\/p>\n<p>As\u00ed lo dijo la Gobernadora de la Gente, Libia Dennise Garc\u00eda Mu\u00f1oz Ledo, en el evento inaugural del Festival de Verano Vive Le\u00f3n 2025, en donde tambi\u00e9n realiz\u00f3 un recorrido por la zona de juegos inflables, atracciones tem\u00e1ticas, zona gastron\u00f3mica y pabellones.<\/p>\n<p>El Festival Vive Le\u00f3n Verano 2025 es una celebraci\u00f3n para las familias guanajuatenses y visitantes que re\u00fane diversi\u00f3n, cultura, educaci\u00f3n, identidad, comercio y convivencia en un s\u00f3lo lugar, del 19 de julio al 3 de agosto.<\/p>\n<p>Se trata de un espacio para convivir y disfrutar en comunidad, con acceso y m\u00faltiples actividades sin costo. En esta ocasi\u00f3n el Festival tendr\u00e1 una duraci\u00f3n de 16 d\u00edas consecutivos (seis d\u00edas m\u00e1s que el a\u00f1o pasado) y se llevar\u00e1 a cabo en el Recinto Ferial y Polif\u00f3rum Le\u00f3n.<\/p>\n<p>Se estima que m\u00e1s de 800 mil personas asistan al Festival, posicion\u00e1ndolo como uno de los eventos m\u00e1s esperados de esta temporada vacacional y un fuerte atractivo tur\u00edstico; se estima una derrama econ\u00f3mica de 459.4 millones de pesos y 70 mil cuartos ocupados durante los d\u00edas que dure este Festival.<\/p>\n<p>\u201cPensamos tambi\u00e9n en el impulso de nuestro sector hotelero, restaurantero y de servicios; en toda la gente que ah\u00ed trabaja: meseros, cocineros, choferes, todos se benefician cuando hay derrama econ\u00f3mica. Esta fiesta es un reflejo de ese impulso cultural, econ\u00f3mico y social que emerge de nuestra querida ciudad de Le\u00f3n\u201d, expres\u00f3 la Mandataria Estatal.<\/p>\n<p>\u00c9sta ser\u00e1 la quinta edici\u00f3n y est\u00e1 inspirada en una tem\u00e1tica del mundo marino, donde los visitantes podr\u00e1n recorrer cuatro ecosistemas dise\u00f1ados para generar experiencias \u00fanicas.<\/p>\n<p>Entre las atracciones destaca el Arrecife Coral, una zona con areneros infantiles que estimulan el juego libre y la imaginaci\u00f3n; el Mundo Pirata, con inflables gigantes y albercas de pelotas para diversi\u00f3n sin fin; la Carpa de las Sirenas, un escenario musical para talentos locales que llenar\u00e1n el ambiente de ritmo y orgullo guanajuatense; el Oc\u00e9ano, una experiencia inmersiva de videomapping que transportar\u00e1 a todos a las profundidades del mar.<\/p>\n<p>La Marca Guanajuato tambi\u00e9n est\u00e1 presente en este Festival dentro del Pabell\u00f3n de la Gente, como una iniciativa del Gobierno de la Gente que impulsa directamente a m\u00e1s de 338 empresas locales, principalmente Marca Guanajuato. Estos espacios de venta y exhibici\u00f3n est\u00e1n dise\u00f1ados para facilitar la comercializaci\u00f3n de productos de los sectores agroalimentario, textil, calzado, industrias en desarrollo y artesan\u00edas.<\/p>\n","protected":false},"excerpt":{"rendered":"<p>Le\u00f3n, Gto. 20 de julio de 2025.- &#8220;Me encanta que esta feria tenga un enfoque familiar, porque eso es lo que nos distingue, que aqu\u00ed siempre pensamos en la familia, en nuestras ni\u00f1as y en nuestros ni\u00f1os. Pensemos tambi\u00e9n en la econom\u00eda de nuestra ciudad y de nuestro estado; por [&hellip;]<\/p>\n","protected":false},"author":1,"featured_media":13446,"comment_status":"open","ping_status":"open","sticky":false,"template":"","format":"standard","meta":[],"categories":[7],"tags":[],"_links":{"self":[{"href":"https:\/\/inforedguanajuato.com\/index.php?rest_route=\/wp\/v2\/posts\/13445"}],"collection":[{"href":"https:\/\/inforedguanajuato.com\/index.php?rest_route=\/wp\/v2\/posts"}],"about":[{"href":"https:\/\/inforedguanajuato.com\/index.php?rest_route=\/wp\/v2\/types\/post"}],"author":[{"embeddable":true,"href":"https:\/\/inforedguanajuato.com\/index.php?rest_route=\/wp\/v2\/users\/1"}],"replies":[{"embeddable":true,"href":"https:\/\/inforedguanajuato.com\/index.php?rest_route=%2Fwp%2Fv2%2Fcomments&post=13445"}],"version-history":[{"count":1,"href":"https:\/\/inforedguanajuato.com\/index.php?rest_route=\/wp\/v2\/posts\/13445\/revisions"}],"predecessor-version":[{"id":13447,"href":"https:\/\/inforedguanajuato.com\/index.php?rest_route=\/wp\/v2\/posts\/13445\/revisions\/13447"}],"wp:featuredmedia":[{"embeddable":true,"href":"https:\/\/inforedguanajuato.com\/index.php?rest_route=\/wp\/v2\/media\/13446"}],"wp:attachment":[{"href":"https:\/\/inforedguanajuato.com\/index.php?rest_route=%2Fwp%2Fv2%2Fmedia&parent=13445"}],"wp:term":[{"taxonomy":"category","embeddable":true,"href":"https:\/\/inforedguanajuato.com\/index.php?rest_route=%2Fwp%2Fv2%2Fcategories&post=13445"},{"taxonomy":"post_tag","embeddable":true,"href":"https:\/\/inforedguanajuato.com\/index.php?rest_route=%2Fwp%2Fv2%2Ftags&post=13445"}],"curies":[{"name":"wp","href":"https:\/\/api.w.org\/{rel}","templated":true}]}}