{"id":1348,"date":"2019-12-07T02:17:30","date_gmt":"2019-12-07T07:17:30","guid":{"rendered":"http:\/\/inforedguanajuato.com\/?p=1348"},"modified":"2019-12-07T02:17:30","modified_gmt":"2019-12-07T07:17:30","slug":"reconoce-alejandro-navarro-civilidad-de-estudiantes-en-cada-una-de-las-manifestaciones","status":"publish","type":"post","link":"https:\/\/inforedguanajuato.com\/?p=1348","title":{"rendered":"RECONOCE ALEJANDRO NAVARRO CIVILIDAD DE ESTUDIANTES EN CADA UNA DE LAS MANIFESTACIONES."},"content":{"rendered":"<p><!--more--><\/p>\n<p><strong>Guanajuato, Gto.; 5 de diciembre de 2019.\u2013\u00a0<\/strong><span style=\"font-style: inherit; font-weight: inherit;\">Agradecido con el comportamiento de cada uno de los contingentes estudiantiles que se han manifestado a favor de la no violencia en las calles de Guanajuato Capital, el alcalde Alejandro Navarro reconoci\u00f3 que cada una de las manifestaciones ha transcurrido de manera pac\u00edfica y en orden.<\/span><span style=\"font-style: inherit; font-weight: inherit;\">\u00a0<\/span><\/p>\n<p><span style=\"font-style: inherit; font-weight: inherit;\">\u201cQuiero hacerles un llamado a las y los estudiantes de la Universidad de Guanajuato\u00a0 que se han manifestado de manera ordenada y pac\u00edfica, pues han respetado a esta Ciudad Patrimonio Cultural de la Humanidad y queremos que se mantengan en esa misma l\u00ednea\u201d, exhort\u00f3 el Presidente Municipal luego de dar a conocer que su Administraci\u00f3n implement\u00f3 un plan integral desde la noche del mi\u00e9rcoles para optimizar la prestaci\u00f3n de los servicios p\u00fablicos y reforzar la protecci\u00f3n hacia la comunidad estudiantil.<\/span><span style=\"font-style: inherit; font-weight: inherit;\">\u00a0<\/span><\/p>\n<p><span style=\"font-style: inherit; font-weight: inherit;\">\u201cReconozco que no han hecho graffitis ni han da\u00f1ado monumentos hist\u00f3ricos, y los invito a seguir as\u00ed\u201d, dijo Navarro,\u00a0 quien se dedic\u00f3 durante gran parte de la ma\u00f1ana de este jueves a escuchar de viva voz al estudiantado que sali\u00f3 a las calles del centro a exigir se cumpla con una serie de peticiones relacionadas con la seguridad.<\/span><span style=\"font-style: inherit; font-weight: inherit;\">\u00a0<\/span><\/p>\n<p><span style=\"font-style: inherit; font-weight: inherit;\">\u201cYo tambi\u00e9n soy padre de familia. Tengo una ni\u00f1a de 18 que cursa la prepa en la Universidad de Guanajuato y entiendo muy bien cada una de sus peticiones. Aqu\u00ed tienen las puertas abiertas y seguiremos trabajando de manera continua por el bien de quienes estudian en la Universidad de Guanajuato y otras instituciones\u201d, sostuvo.<\/span><span style=\"font-style: inherit; font-weight: inherit;\">\u00a0<\/span><\/p>\n<p><span style=\"font-style: inherit; font-weight: inherit;\">Al asegurar que ve la voluntad del Gobierno del Estado, de la Universidad de Guanajuato y de todas las dependencias que componen su Administraci\u00f3n, refrend\u00f3 que estar\u00e1 gestionando recursos para reforzar la seguridad en la Capital del Estado, adelantando que se ampliar\u00e1 la plantilla de la Secretar\u00eda de Seguridad Ciudadana a partir de 2020.<\/span><span style=\"font-style: inherit; font-weight: inherit;\">\u00a0<\/span><\/p>\n<p><span style=\"font-style: inherit; font-weight: inherit;\">\u201cGuanajuato Capital recibe cada semana una poblaci\u00f3n flotante de alrededor de 20 mil estudiantes que vienen todos los lunes y se retiran cada fin de semana, representan el 10 por ciento de nuestra poblaci\u00f3n\u201d, refiri\u00f3.<\/span><\/p>\n<p><strong>\u00a0<\/strong><\/p>\n","protected":false},"excerpt":{"rendered":"","protected":false},"author":1,"featured_media":1349,"comment_status":"open","ping_status":"open","sticky":false,"template":"","format":"standard","meta":[],"categories":[4],"tags":[],"_links":{"self":[{"href":"https:\/\/inforedguanajuato.com\/index.php?rest_route=\/wp\/v2\/posts\/1348"}],"collection":[{"href":"https:\/\/inforedguanajuato.com\/index.php?rest_route=\/wp\/v2\/posts"}],"about":[{"href":"https:\/\/inforedguanajuato.com\/index.php?rest_route=\/wp\/v2\/types\/post"}],"author":[{"embeddable":true,"href":"https:\/\/inforedguanajuato.com\/index.php?rest_route=\/wp\/v2\/users\/1"}],"replies":[{"embeddable":true,"href":"https:\/\/inforedguanajuato.com\/index.php?rest_route=%2Fwp%2Fv2%2Fcomments&post=1348"}],"version-history":[{"count":1,"href":"https:\/\/inforedguanajuato.com\/index.php?rest_route=\/wp\/v2\/posts\/1348\/revisions"}],"predecessor-version":[{"id":1350,"href":"https:\/\/inforedguanajuato.com\/index.php?rest_route=\/wp\/v2\/posts\/1348\/revisions\/1350"}],"wp:featuredmedia":[{"embeddable":true,"href":"https:\/\/inforedguanajuato.com\/index.php?rest_route=\/wp\/v2\/media\/1349"}],"wp:attachment":[{"href":"https:\/\/inforedguanajuato.com\/index.php?rest_route=%2Fwp%2Fv2%2Fmedia&parent=1348"}],"wp:term":[{"taxonomy":"category","embeddable":true,"href":"https:\/\/inforedguanajuato.com\/index.php?rest_route=%2Fwp%2Fv2%2Fcategories&post=1348"},{"taxonomy":"post_tag","embeddable":true,"href":"https:\/\/inforedguanajuato.com\/index.php?rest_route=%2Fwp%2Fv2%2Ftags&post=1348"}],"curies":[{"name":"wp","href":"https:\/\/api.w.org\/{rel}","templated":true}]}}