{"id":13487,"date":"2025-07-24T13:03:42","date_gmt":"2025-07-24T18:03:42","guid":{"rendered":"https:\/\/inforedguanajuato.com\/?p=13487"},"modified":"2025-07-24T13:03:43","modified_gmt":"2025-07-24T18:03:43","slug":"que-se-reconozca-la-facultad-de-las-autoridades-indigenas-y-afromexicanas-en-el-estado-de-guanajuato-plasida-calzada","status":"publish","type":"post","link":"https:\/\/inforedguanajuato.com\/?p=13487","title":{"rendered":"QUE SE RECONOZCA LA FACULTAD DE LAS AUTORIDADES IND\u00cdGENAS Y AFROMEXICANAS EN EL ESTADO DE GUANAJUATO: PLASIDA CALZADA."},"content":{"rendered":"<p>Guanajuato, Gto 24 julio 2025. \u2013 En sesi\u00f3n de la Diputaci\u00f3n Permanente, la diputada Pl\u00e1sida Calzada Vel\u00e1zquez, integrante del grupo parlamentario del Partido MORENA, present\u00f3 una iniciativa de reforma a la Ley para la Protecci\u00f3n de los Pueblos y Comunidades Ind\u00edgenas en el estado de Guanajuato, en materia de reconocimiento y facultad de las autoridades ind\u00edgenas y afromexicanas.<br \/>\nAl dar lectura a la exposici\u00f3n de motivos de la propuesta, la congresista manifest\u00f3 que con la iniciativa se busca proteger los derechos de las y los ind\u00edgenas y afromexicanos, como es el de vivir en armon\u00eda en su comunidad.<br \/>\nPrecis\u00f3 que, las comunidades ind\u00edgenas son aut\u00f3nomas, sujetos de derecho, cuentan con personalidad jur\u00eddica, patrimonio propio, un \u00f3rgano supremo como lo es la asamblea de la cual emana la autoridad y reglamentos; pero, adem\u00e1s esas comunidades deciden de acuerdo con sus sistemas normativos la forma de convivir y de organizarse.<br \/>\nAgreg\u00f3 que, tales sistemas normativos los aplican para la soluci\u00f3n de conflictos internos y su jurisdicci\u00f3n es ejercida por las autoridades de la comunidad como son delegado, subdelegada, delegada o subdelegado, seg\u00fan hayan sido electas.<br \/>\nEn ese sentido, subray\u00f3 que la propuesta no busca lacerar los sistemas normativos de las comunidades ind\u00edgenas, pues la iniciativa no es imperativa, es decir, no obliga a las comunidades ind\u00edgenas a publicar sus reglamentos, actos o resoluciones de car\u00e1cter general, sino m\u00e1s bien se pretende  reformar la ley a efecto de que tengan, quienes as\u00ed lo consideren conveniente y en aras del bien de la comunidad, la posibilidad de publicar tales reglamentos, nombramientos, actos y resoluciones de car\u00e1cter general para la comunidad.<br \/>\nAsimismo, coment\u00f3 que se busca establecer en lo relativo al reconocimiento y facultad de las     autoridades ind\u00edgenas y afromexicanas, que en apego a sus sistemas normativos, las comunidades ind\u00edgenas y afromexicanas, pueden crear reglamentos y\/o modificarlos a fin de regular la convivencia comunitaria, as\u00ed como realizar nombramientos de autoridades, \u00e9stas \u00faltimas podr\u00e1n ordenar se publiquen en el Peri\u00f3dico Oficial del Gobierno del Estado de Guanajuato, dichos reglamentos y nombramientos, reconoci\u00e9ndoles el Estado la facultad para hacerlo.<\/p>\n","protected":false},"excerpt":{"rendered":"<p>Guanajuato, Gto 24 julio 2025. \u2013 En sesi\u00f3n de la Diputaci\u00f3n Permanente, la diputada Pl\u00e1sida Calzada Vel\u00e1zquez, integrante del grupo parlamentario del Partido MORENA, present\u00f3 una iniciativa de reforma a la Ley para la Protecci\u00f3n de los Pueblos y Comunidades Ind\u00edgenas en el estado de Guanajuato, en materia de reconocimiento [&hellip;]<\/p>\n","protected":false},"author":1,"featured_media":13488,"comment_status":"open","ping_status":"open","sticky":false,"template":"","format":"standard","meta":[],"categories":[7],"tags":[],"_links":{"self":[{"href":"https:\/\/inforedguanajuato.com\/index.php?rest_route=\/wp\/v2\/posts\/13487"}],"collection":[{"href":"https:\/\/inforedguanajuato.com\/index.php?rest_route=\/wp\/v2\/posts"}],"about":[{"href":"https:\/\/inforedguanajuato.com\/index.php?rest_route=\/wp\/v2\/types\/post"}],"author":[{"embeddable":true,"href":"https:\/\/inforedguanajuato.com\/index.php?rest_route=\/wp\/v2\/users\/1"}],"replies":[{"embeddable":true,"href":"https:\/\/inforedguanajuato.com\/index.php?rest_route=%2Fwp%2Fv2%2Fcomments&post=13487"}],"version-history":[{"count":1,"href":"https:\/\/inforedguanajuato.com\/index.php?rest_route=\/wp\/v2\/posts\/13487\/revisions"}],"predecessor-version":[{"id":13489,"href":"https:\/\/inforedguanajuato.com\/index.php?rest_route=\/wp\/v2\/posts\/13487\/revisions\/13489"}],"wp:featuredmedia":[{"embeddable":true,"href":"https:\/\/inforedguanajuato.com\/index.php?rest_route=\/wp\/v2\/media\/13488"}],"wp:attachment":[{"href":"https:\/\/inforedguanajuato.com\/index.php?rest_route=%2Fwp%2Fv2%2Fmedia&parent=13487"}],"wp:term":[{"taxonomy":"category","embeddable":true,"href":"https:\/\/inforedguanajuato.com\/index.php?rest_route=%2Fwp%2Fv2%2Fcategories&post=13487"},{"taxonomy":"post_tag","embeddable":true,"href":"https:\/\/inforedguanajuato.com\/index.php?rest_route=%2Fwp%2Fv2%2Ftags&post=13487"}],"curies":[{"name":"wp","href":"https:\/\/api.w.org\/{rel}","templated":true}]}}