{"id":13496,"date":"2025-07-24T13:32:56","date_gmt":"2025-07-24T18:32:56","guid":{"rendered":"https:\/\/inforedguanajuato.com\/?p=13496"},"modified":"2025-07-24T13:32:57","modified_gmt":"2025-07-24T18:32:57","slug":"llaman-a-recuperar-la-cobertura-de-vacunacion-infantil","status":"publish","type":"post","link":"https:\/\/inforedguanajuato.com\/?p=13496","title":{"rendered":"LLAMAN A RECUPERAR LA COBERTURA DE VACUNACI\u00d3N INFANTIL"},"content":{"rendered":"<p>Guanajuato, Gto24 julio 2025. \u2013 En sesi\u00f3n de la Diputaci\u00f3n Permanente, el grupo parlamentario del Partido Acci\u00f3n Nacional y la representaci\u00f3n parlamentaria del Partido de la Revoluci\u00f3n Democr\u00e1tica presentaron un punto de acuerdo para exhortar a la Secretar\u00eda de Salud del gobierno federal, para que implemente un programa emergente para recuperar la cobertura de vacunaci\u00f3n infantil mediante brigadas intensivas en municipios con mayor rezago, garantizando la compra y abasto oportuno de biol\u00f3gicos, el fortalecimiento de la cadena de fr\u00edo y la disponibilidad de personal capacitado.<\/p>\n<p>De igual manera, a dise\u00f1ar estrategias de comunicaci\u00f3n social basadas en evidencia cient\u00edfica y culturalmente pertinentes que promuevan la aceptaci\u00f3n de la vacunaci\u00f3n, incrementar los recursos presupuestales para asegurar su sostenibilidad, mejorar los sistemas de informaci\u00f3n y registro para la planeaci\u00f3n y seguimiento efectivo de los esquemas, y presentar un informe p\u00fablico sobre las acciones, resultados y retos pendientes, en cumplimiento de la obligaci\u00f3n constitucional de proteger la salud de la ni\u00f1ez mexicana.<\/p>\n<p>Al dar lectura a las consideraciones de la propuesta, la diputada Noem\u00ed M\u00e1rquez M\u00e1rquez coment\u00f3 que, en los \u00faltimos a\u00f1os, M\u00e9xico ha enfrentado una disminuci\u00f3n sostenida en la cobertura de vacunaci\u00f3n infantil, generando un escenario de riesgo para la salud p\u00fablica y el bienestar de la ni\u00f1ez.<\/p>\n<p>Precis\u00f3 que, durante 2024, un n\u00famero significativo de ni\u00f1as y ni\u00f1os no recibi\u00f3 ninguna vacuna durante su primer a\u00f1o de vida, lo que refleja una problem\u00e1tica estructural en el acceso y continuidad de los esquemas de inmunizaci\u00f3n.<\/p>\n<p>Derivado de ello, M\u00e1rquez M\u00e1rquez coment\u00f3 que se ha observado un aumento en los brotes de enfermedades prevenibles mediante vacunaci\u00f3n, entre ellas el sarampi\u00f3n y la tos ferina, brotes que evidencian la vulnerabilidad de la poblaci\u00f3n frente a la reaparici\u00f3n de enfermedades que, en su momento, estuvieron controladas gracias a campa\u00f1as de vacunaci\u00f3n sostenidas y oportunas.<\/p>\n<p>Finalmente, la legisladora resalt\u00f3 que, la vacunaci\u00f3n es una de las estrategias de salud p\u00fablica m\u00e1s costo-efectivas, ya que previene enfermedades que pueden tener consecuencias graves o incluso mortales, adem\u00e1s de evitar gastos econ\u00f3micos familiares y hospitalarios derivados de complicaciones, pero que, en el pa\u00eds, la cobertura de las principales vacunas infantiles se encuentra por debajo del 90% recomendado como m\u00ednimo para garantizar la inmunidad comunitaria.<\/p>\n","protected":false},"excerpt":{"rendered":"<p>Guanajuato, Gto24 julio 2025. \u2013 En sesi\u00f3n de la Diputaci\u00f3n Permanente, el grupo parlamentario del Partido Acci\u00f3n Nacional y la representaci\u00f3n parlamentaria del Partido de la Revoluci\u00f3n Democr\u00e1tica presentaron un punto de acuerdo para exhortar a la Secretar\u00eda de Salud del gobierno federal, para que implemente un programa emergente para [&hellip;]<\/p>\n","protected":false},"author":1,"featured_media":13497,"comment_status":"open","ping_status":"open","sticky":false,"template":"","format":"standard","meta":[],"categories":[7],"tags":[],"_links":{"self":[{"href":"https:\/\/inforedguanajuato.com\/index.php?rest_route=\/wp\/v2\/posts\/13496"}],"collection":[{"href":"https:\/\/inforedguanajuato.com\/index.php?rest_route=\/wp\/v2\/posts"}],"about":[{"href":"https:\/\/inforedguanajuato.com\/index.php?rest_route=\/wp\/v2\/types\/post"}],"author":[{"embeddable":true,"href":"https:\/\/inforedguanajuato.com\/index.php?rest_route=\/wp\/v2\/users\/1"}],"replies":[{"embeddable":true,"href":"https:\/\/inforedguanajuato.com\/index.php?rest_route=%2Fwp%2Fv2%2Fcomments&post=13496"}],"version-history":[{"count":1,"href":"https:\/\/inforedguanajuato.com\/index.php?rest_route=\/wp\/v2\/posts\/13496\/revisions"}],"predecessor-version":[{"id":13499,"href":"https:\/\/inforedguanajuato.com\/index.php?rest_route=\/wp\/v2\/posts\/13496\/revisions\/13499"}],"wp:featuredmedia":[{"embeddable":true,"href":"https:\/\/inforedguanajuato.com\/index.php?rest_route=\/wp\/v2\/media\/13497"}],"wp:attachment":[{"href":"https:\/\/inforedguanajuato.com\/index.php?rest_route=%2Fwp%2Fv2%2Fmedia&parent=13496"}],"wp:term":[{"taxonomy":"category","embeddable":true,"href":"https:\/\/inforedguanajuato.com\/index.php?rest_route=%2Fwp%2Fv2%2Fcategories&post=13496"},{"taxonomy":"post_tag","embeddable":true,"href":"https:\/\/inforedguanajuato.com\/index.php?rest_route=%2Fwp%2Fv2%2Ftags&post=13496"}],"curies":[{"name":"wp","href":"https:\/\/api.w.org\/{rel}","templated":true}]}}