{"id":13532,"date":"2025-07-28T14:36:15","date_gmt":"2025-07-28T19:36:15","guid":{"rendered":"https:\/\/inforedguanajuato.com\/?p=13532"},"modified":"2025-07-28T14:36:16","modified_gmt":"2025-07-28T19:36:16","slug":"el-gppvem-no-detendra-su-trabajo-en-apoyo-a-las-personas-adultas-mayores-y-discapacitadas-diputado-sergio-contreras","status":"publish","type":"post","link":"https:\/\/inforedguanajuato.com\/?p=13532","title":{"rendered":"EL GPPVEM NO DETENDR\u00c1 SU TRABAJO EN APOYO A LAS PERSONAS ADULTAS MAYORES Y DISCAPACITADAS: DIPUTADO SERGIO CONTRERAS."},"content":{"rendered":"<p>Le\u00f3n, Gto., a 28 de julio de 2025.- El coordinador de los diputados del Partido Verde Ecologista de M\u00e9xico en el Congreso local, Sergio Contreras Guerrero, consider\u00f3 que el trabajo para ajustar las leyes locales en apoyo a las personas adultas mayores y discapacitadas \u201cno puede detenerse\u201d.<\/p>\n<p>\u201cEste sector de la poblaci\u00f3n, en muchas ocasiones, no est\u00e1 en condiciones de realizar el esfuerzo necesario para recuperar sus pertenencias cuando han sido v\u00edctimas de robo o despojo en detrimento de su patrimonio\u201d, dijo.<\/p>\n<p>El legislador record\u00f3 que el GPPVEM present\u00f3 una iniciativa de reforma al C\u00f3digo Penal estatal con el objeto de incrementar la sanci\u00f3n de los delitos de robo y despojo cometidos en detrimento de los bienes de las personas adultas mayores y discapacitadas.<\/p>\n<p>Mediante la propuesta, que es analizada al interior de la Comisi\u00f3n de Justicia del Congreso local, se busca aumentar la pena cuando el delito se comenta contra un adulto mayor o una persona con discapacidad que, no est\u00e1 en condiciones de resistir la conducta delictuosa.<\/p>\n<p>Contreras Guerrero afirm\u00f3 que el robo y el despojo de bienes de las personas adultas mayores y personas con discapacidad es un problema grave en el estado \u201cpor lo que es nuestra responsabilidad trabajar en apoyo a estos grupos vulnerables de la poblaci\u00f3n\u201d.<\/p>\n<p>Finalmente, el congresista subray\u00f3 la necesidad de acompa\u00f1ar este tipo de trabajo con la concientizaci\u00f3n a la sociedad sobre el respeto que merecen las personas mayores con discapacidad; \u201cas\u00ed, sin duda, se fortalecer\u00e1n los lazos familiares y en nuestra sociedad\u201d.<\/p>\n","protected":false},"excerpt":{"rendered":"<p>Le\u00f3n, Gto., a 28 de julio de 2025.- El coordinador de los diputados del Partido Verde Ecologista de M\u00e9xico en el Congreso local, Sergio Contreras Guerrero, consider\u00f3 que el trabajo para ajustar las leyes locales en apoyo a las personas adultas mayores y discapacitadas \u201cno puede detenerse\u201d. \u201cEste sector de [&hellip;]<\/p>\n","protected":false},"author":1,"featured_media":12016,"comment_status":"open","ping_status":"open","sticky":false,"template":"","format":"standard","meta":[],"categories":[7],"tags":[],"_links":{"self":[{"href":"https:\/\/inforedguanajuato.com\/index.php?rest_route=\/wp\/v2\/posts\/13532"}],"collection":[{"href":"https:\/\/inforedguanajuato.com\/index.php?rest_route=\/wp\/v2\/posts"}],"about":[{"href":"https:\/\/inforedguanajuato.com\/index.php?rest_route=\/wp\/v2\/types\/post"}],"author":[{"embeddable":true,"href":"https:\/\/inforedguanajuato.com\/index.php?rest_route=\/wp\/v2\/users\/1"}],"replies":[{"embeddable":true,"href":"https:\/\/inforedguanajuato.com\/index.php?rest_route=%2Fwp%2Fv2%2Fcomments&post=13532"}],"version-history":[{"count":1,"href":"https:\/\/inforedguanajuato.com\/index.php?rest_route=\/wp\/v2\/posts\/13532\/revisions"}],"predecessor-version":[{"id":13533,"href":"https:\/\/inforedguanajuato.com\/index.php?rest_route=\/wp\/v2\/posts\/13532\/revisions\/13533"}],"wp:featuredmedia":[{"embeddable":true,"href":"https:\/\/inforedguanajuato.com\/index.php?rest_route=\/wp\/v2\/media\/12016"}],"wp:attachment":[{"href":"https:\/\/inforedguanajuato.com\/index.php?rest_route=%2Fwp%2Fv2%2Fmedia&parent=13532"}],"wp:term":[{"taxonomy":"category","embeddable":true,"href":"https:\/\/inforedguanajuato.com\/index.php?rest_route=%2Fwp%2Fv2%2Fcategories&post=13532"},{"taxonomy":"post_tag","embeddable":true,"href":"https:\/\/inforedguanajuato.com\/index.php?rest_route=%2Fwp%2Fv2%2Ftags&post=13532"}],"curies":[{"name":"wp","href":"https:\/\/api.w.org\/{rel}","templated":true}]}}