{"id":13995,"date":"2025-09-08T12:19:47","date_gmt":"2025-09-08T17:19:47","guid":{"rendered":"https:\/\/inforedguanajuato.com\/?p=13995"},"modified":"2025-09-08T12:19:53","modified_gmt":"2025-09-08T17:19:53","slug":"dan-seguimiento-a-la-convocatoria-del-proceso-de-consulta-en-materia-de-inclusion-deportiva","status":"publish","type":"post","link":"https:\/\/inforedguanajuato.com\/?p=13995","title":{"rendered":"DAN SEGUIMIENTO A LA CONVOCATORIA DEL PROCESO DE CONSULTA EN MATERIA DE INCLUSION DEPORTIVA."},"content":{"rendered":"<p>Guanajuato, Gto 8 SEPTIEMBRE 2025. \u2013La Comisi\u00f3n para las Juventudes y Deporte dio seguimiento a la Convocatoria para el Proceso de Consulta en Materia de Inclusi\u00f3n, de diversas iniciativas turnadas a esta Comisi\u00f3n legislativa en materia de discapacidad, de manera conjunta con las comisiones de Derechos Humanos y Atenci\u00f3n a Grupos Vulnerables; Educaci\u00f3n; Ciencia y Tecnolog\u00eda y Cultura; de Gobernaci\u00f3n y Puntos Constitucionales; y de Salud P\u00fablica.<\/p>\n<p>El diputado Jes\u00fas Hern\u00e1ndez Hern\u00e1ndez propuso modificarla con la finalidad de que cambien las fechas de sesi\u00f3n del 17 al 19 de septiembre, a las 12:30 horas, y se d\u00e9 difusi\u00f3n al proyecto de dictamen una semana previa a la reuni\u00f3n a las personas con discapacidad.<\/p>\n<p>De igual manera, que suscrito el dictamen se pondr\u00e1 a disposici\u00f3n de la Mesa Directiva.<\/p>\n<p>Las iniciativas que se revisan, que van desde garantizar el acceso al deporte inclusivo hasta crear un nuevo Sistema de Cuidados, son parte de un amplio abanico de derechos que se busca consolidar a trav\u00e9s de este trabajo legislativo conjunto, donde la voz ciudadana es fundamental para la toma de decisiones.<\/p>\n","protected":false},"excerpt":{"rendered":"<p>Guanajuato, Gto 8 SEPTIEMBRE 2025. \u2013La Comisi\u00f3n para las Juventudes y Deporte dio seguimiento a la Convocatoria para el Proceso de Consulta en Materia de Inclusi\u00f3n, de diversas iniciativas turnadas a esta Comisi\u00f3n legislativa en materia de discapacidad, de manera conjunta con las comisiones de Derechos Humanos y Atenci\u00f3n a [&hellip;]<\/p>\n","protected":false},"author":1,"featured_media":13996,"comment_status":"open","ping_status":"open","sticky":false,"template":"","format":"standard","meta":[],"categories":[7],"tags":[],"_links":{"self":[{"href":"https:\/\/inforedguanajuato.com\/index.php?rest_route=\/wp\/v2\/posts\/13995"}],"collection":[{"href":"https:\/\/inforedguanajuato.com\/index.php?rest_route=\/wp\/v2\/posts"}],"about":[{"href":"https:\/\/inforedguanajuato.com\/index.php?rest_route=\/wp\/v2\/types\/post"}],"author":[{"embeddable":true,"href":"https:\/\/inforedguanajuato.com\/index.php?rest_route=\/wp\/v2\/users\/1"}],"replies":[{"embeddable":true,"href":"https:\/\/inforedguanajuato.com\/index.php?rest_route=%2Fwp%2Fv2%2Fcomments&post=13995"}],"version-history":[{"count":1,"href":"https:\/\/inforedguanajuato.com\/index.php?rest_route=\/wp\/v2\/posts\/13995\/revisions"}],"predecessor-version":[{"id":13997,"href":"https:\/\/inforedguanajuato.com\/index.php?rest_route=\/wp\/v2\/posts\/13995\/revisions\/13997"}],"wp:featuredmedia":[{"embeddable":true,"href":"https:\/\/inforedguanajuato.com\/index.php?rest_route=\/wp\/v2\/media\/13996"}],"wp:attachment":[{"href":"https:\/\/inforedguanajuato.com\/index.php?rest_route=%2Fwp%2Fv2%2Fmedia&parent=13995"}],"wp:term":[{"taxonomy":"category","embeddable":true,"href":"https:\/\/inforedguanajuato.com\/index.php?rest_route=%2Fwp%2Fv2%2Fcategories&post=13995"},{"taxonomy":"post_tag","embeddable":true,"href":"https:\/\/inforedguanajuato.com\/index.php?rest_route=%2Fwp%2Fv2%2Ftags&post=13995"}],"curies":[{"name":"wp","href":"https:\/\/api.w.org\/{rel}","templated":true}]}}