{"id":14007,"date":"2025-09-09T12:04:41","date_gmt":"2025-09-09T17:04:41","guid":{"rendered":"https:\/\/inforedguanajuato.com\/?p=14007"},"modified":"2025-09-09T12:11:43","modified_gmt":"2025-09-09T17:11:43","slug":"el-paquete-economico-sera-revisado-con-responsabilidad-por-la-mayoria-los-grupos-de-coordinadores-diputadas-y-diputados-ricardo-monreal","status":"publish","type":"post","link":"https:\/\/inforedguanajuato.com\/?p=14007","title":{"rendered":"El Paquete Econ\u00f3mico ser\u00e1 revisado con responsabilidad por la mayor\u00eda, los grupos de coordinadores, diputadas y diputados: Ricardo Monreal."},"content":{"rendered":"<p>San L\u00e1zaro 9 septiembre 2025.- El presidente de la Junta de Coordinaci\u00f3n Pol\u00edtica y coordinador del grupo parlamentario de Morena, Ricardo Monreal \u00c1vila, afirm\u00f3 que el grupo mayoritario, junto con los grupos de coordinadores y diputadas y diputados, revisar\u00e1n el Paquete Econ\u00f3mico 2026 con responsabilidad y lo tendr\u00e1n a tiempo, toda vez que este documento es indispensable para el desarrollo de M\u00e9xico.<\/p>\n<p>En su mensaje durante la entrega-recepci\u00f3n del Paquete Econ\u00f3mico 2026, en el Palacio Legislativo de San L\u00e1zaro, el legislador enfatiz\u00f3 que las comisiones y el Pleno de la C\u00e1mara de Diputados van a cumplir cabalmente con la disposici\u00f3n constitucional y legal.<\/p>\n<p>\u201cTenemos hoy, hasta el 20 de octubre, y obviamente conducido y dirigido por la presidenta Kenia L\u00f3pez Rabad\u00e1n que le corresponde orientar y tambi\u00e9n organizar los debates, que ser\u00e1n \u00e1lgidos. Como usted lo afirma, nosotros tambi\u00e9n lo sostenemos: es un momento complejo en el mundo y M\u00e9xico no escapa a esa complejidad\u201d.<\/p>\n<p>Ante ello, agreg\u00f3 las y los 500 diputados revisar\u00e1n cuidadosamente los recursos asignados como facultad exclusiva de la C\u00e1mara de Diputado a los entes p\u00fablicos, incluyendo al Poder Legislativo, el Poder Judicial y los \u00f3rganos aut\u00f3nomos.<\/p>\n<p>\u201cFrente al panorama que se nos comenta brevemente por el secretario, debemos empezar por la casa del legislador, para actuar coherentemente con la situaci\u00f3n que vive y se espera en el pa\u00eds, para seguir incluyendo la pol\u00edtica social como prioridad y aplicando pol\u00edticas p\u00fablicas en beneficio de la poblaci\u00f3n. Por eso cumpliremos\u201d, expres\u00f3 Ricardo Monreal.<\/p>\n<p>Manifest\u00f3 su inter\u00e9s respecto al gravamen que se aplicar\u00e1 a bebidas azucaradas y al tabaco para generar un fondo para la salud. \u201cEstas bebidas y el tabaco han generado estragos en la salud p\u00fablica y que finalmente el Estado mexicano plantea. Aunque tendremos, ya desde hoy o ma\u00f1ana, a los grupos de cabilderos, la mayor\u00eda legislativa resistir\u00e1, porque es conveniente hacerlo\u201d.<\/p>\n<p>Consider\u00f3 importante el tema de las medidas que se van a adoptar para las cuotas del IPAB. \u201cNos parec\u00edan injustas estas medidas especiales para no permitir la deducibilidad de las cuotas pagadas al IPAB por parte de las instituciones de la banca m\u00faltiple, destinadas al pago de pasivos del FOBAPROA\u201d.<\/p>\n<p>\u201cEsto me parece no solo justo, es una medida justiciera. No s\u00e9 qu\u00e9 cantidad sea, voy a leer con cuidado este documento y vamos a actuar de manera coherente\u201d, reiter\u00f3 el legislador.<\/p>\n<p>Resalt\u00f3 que revisar\u00e1n con mucho cuidado los anuncios de las medidas arancelarias y aduanales. \u201cSeguramente, habr\u00e1 nuevas leyes en esta materia dentro del paquete de Miscel\u00e1nea\u201d.<\/p>\n<p>Concluy\u00f3 que la C\u00e1mara de Diputados tendr\u00e1 mucho trabajo para que se dote al Estado mexicano de instrumentos jur\u00eddicos acordes con el momento que vive la naci\u00f3n.<\/p>\n","protected":false},"excerpt":{"rendered":"<p>San L\u00e1zaro 9 septiembre 2025.- El presidente de la Junta de Coordinaci\u00f3n Pol\u00edtica y coordinador del grupo parlamentario de Morena, Ricardo Monreal \u00c1vila, afirm\u00f3 que el grupo mayoritario, junto con los grupos de coordinadores y diputadas y diputados, revisar\u00e1n el Paquete Econ\u00f3mico 2026 con responsabilidad y lo tendr\u00e1n a tiempo, [&hellip;]<\/p>\n","protected":false},"author":1,"featured_media":14008,"comment_status":"open","ping_status":"open","sticky":false,"template":"","format":"standard","meta":[],"categories":[7],"tags":[],"_links":{"self":[{"href":"https:\/\/inforedguanajuato.com\/index.php?rest_route=\/wp\/v2\/posts\/14007"}],"collection":[{"href":"https:\/\/inforedguanajuato.com\/index.php?rest_route=\/wp\/v2\/posts"}],"about":[{"href":"https:\/\/inforedguanajuato.com\/index.php?rest_route=\/wp\/v2\/types\/post"}],"author":[{"embeddable":true,"href":"https:\/\/inforedguanajuato.com\/index.php?rest_route=\/wp\/v2\/users\/1"}],"replies":[{"embeddable":true,"href":"https:\/\/inforedguanajuato.com\/index.php?rest_route=%2Fwp%2Fv2%2Fcomments&post=14007"}],"version-history":[{"count":1,"href":"https:\/\/inforedguanajuato.com\/index.php?rest_route=\/wp\/v2\/posts\/14007\/revisions"}],"predecessor-version":[{"id":14009,"href":"https:\/\/inforedguanajuato.com\/index.php?rest_route=\/wp\/v2\/posts\/14007\/revisions\/14009"}],"wp:featuredmedia":[{"embeddable":true,"href":"https:\/\/inforedguanajuato.com\/index.php?rest_route=\/wp\/v2\/media\/14008"}],"wp:attachment":[{"href":"https:\/\/inforedguanajuato.com\/index.php?rest_route=%2Fwp%2Fv2%2Fmedia&parent=14007"}],"wp:term":[{"taxonomy":"category","embeddable":true,"href":"https:\/\/inforedguanajuato.com\/index.php?rest_route=%2Fwp%2Fv2%2Fcategories&post=14007"},{"taxonomy":"post_tag","embeddable":true,"href":"https:\/\/inforedguanajuato.com\/index.php?rest_route=%2Fwp%2Fv2%2Ftags&post=14007"}],"curies":[{"name":"wp","href":"https:\/\/api.w.org\/{rel}","templated":true}]}}