{"id":14010,"date":"2025-09-09T12:17:53","date_gmt":"2025-09-09T17:17:53","guid":{"rendered":"https:\/\/inforedguanajuato.com\/?p=14010"},"modified":"2025-09-09T12:24:02","modified_gmt":"2025-09-09T17:24:02","slug":"camara-de-diputados-recibio-de-la-shcp-el-paquete-economico-2026","status":"publish","type":"post","link":"https:\/\/inforedguanajuato.com\/?p=14010","title":{"rendered":"C\u00e1mara de Diputados recibi\u00f3 de la SHCP el Paquete Econ\u00f3mico 2026."},"content":{"rendered":"<p>San L\u00e1zaro 9 septiembre 2025.- La C\u00e1mara de Diputados recibi\u00f3 de la Secretar\u00eda de Hacienda y Cr\u00e9dito P\u00fablico (SHCP) el Paquete Econ\u00f3mico 2026, conformado por los Criterios Generales de Pol\u00edtica Econ\u00f3mica (CGPE), la iniciativa de Ley de Ingresos de la Federaci\u00f3n (ILIF) y el Proyecto de Presupuesto de Egresos de la Federaci\u00f3n (PPEF).<\/p>\n<p>Es la hoja de ruta para construir un M\u00e9xico m\u00e1s fuerte<\/p>\n<p>El secretario de Hacienda y Cr\u00e9dito P\u00fablico, \u00c9dgar Amador Zamora, expres\u00f3 que como mandata la Constituci\u00f3n entrega el Paquete Econ\u00f3mico para el ejercicio 2026, el cual integra adem\u00e1s de la iniciativa de Ley de Ingresos y el Proyecto de Presupuesto de Egresos de la Federaci\u00f3n, iniciativas con proyecto de decreto que reforman, adicionan y derogan diversas disposiciones de la Ley de Derechos, la Ley del Impuesto Especial Sobre Producci\u00f3n y Servicios y del C\u00f3digo Fiscal de la Federaci\u00f3n.<\/p>\n<p>Record\u00f3 que este es el segundo paquete que se entrega bajo el liderazgo de la doctora Claudia Sheinbaum Pardo, y refleja una visi\u00f3n clara de Estado, una pol\u00edtica econ\u00f3mica que acompa\u00f1a el desarrollo productivo, que ampl\u00eda derechos sociales, y lo hace con responsabilidad fiscal, estabilidad macroecon\u00f3mica y prosperidad compartida. Estos documentos, profundizan el cambio hacia la transformaci\u00f3n econ\u00f3mica, a trav\u00e9s de la pol\u00edtica p\u00fablica humanista, cuyos resultados ya son tangibles en la vida de millones de familias.<\/p>\n<p>El titular de la SHCP resalt\u00f3 que para 2026 se plantean recursos equivalentes al tres por ciento del PIB para programas sociales prioritarios que beneficiar\u00e1n de manera directa a casi el 82 por ciento de las familias del pa\u00eds. Adem\u00e1s, los ingresos tributarios ser\u00e1n la columna vertebral gracias al combate a la evasi\u00f3n, la digitalizaci\u00f3n y la modernizaci\u00f3n del marco fiscal.<\/p>\n<p>El Paquete Econ\u00f3mico 2026, afirm\u00f3, es una hoja de ruta para construir un M\u00e9xico m\u00e1s fuerte, m\u00e1s competitivo y m\u00e1s justo. Con esa visi\u00f3n, &#8211;abund\u00f3&#8211; las finanzas p\u00fablicas se convierten en un instrumento para reducir desigualdades, ampliar oportunidades, y asegurar que el crecimiento llegue a cada regi\u00f3n y cada familia de nuestro pa\u00eds, y reiter\u00f3 el compromiso de la Secretar\u00eda de Hacienda y Cr\u00e9dito P\u00fablico con el di\u00e1logo y la colaboraci\u00f3n.<\/p>\n<p>El Presupuesto ser\u00e1 revisado con cuidado y responsabilidad<\/p>\n<p>El presidente de la Junta de Coordinaci\u00f3n Pol\u00edtica y coordinador del grupo parlamentario de Morena, diputado Ricardo Monreal \u00c1vila, mencion\u00f3 que revisar\u00e1n los 500 diputados y diputadas cuidadosamente y con responsabilidad los recursos asignados a los entes p\u00fablicos, incluyendo al Poder Legislativo, el Poder Judicial y los \u00f3rganos aut\u00f3nomos.<\/p>\n<p>Enfatiz\u00f3 que se debe actuar coherentemente con la situaci\u00f3n que vive y se espera en el pa\u00eds para seguir incluyendo la pol\u00edtica social como prioridad y aplicar pol\u00edticas p\u00fablicas en beneficio de la poblaci\u00f3n.<\/p>\n<p>Reiter\u00f3 que se tiene hasta el 20 de octubre para que la presidenta Kenia L\u00f3pez Rabad\u00e1n dirija y oriente debates de an\u00e1lisis.  \u201cVamos a revisar tambi\u00e9n con mucho cuidado estos anuncios de las medidas arancelarias y aduanales. Seguramente habr\u00e1 nuevas leyes en esta materia dentro del paquete de miscel\u00e1nea\u201d.<\/p>\n<p>Afirm\u00f3 que se tiene mucho trabajo para dotar al Estado mexicano de instrumentos jur\u00eddicos acordes con el momento que vive la naci\u00f3n, por lo que \u201cel grupo mayoritario junto con los grupos de coordinadores y de diputados vamos a actuar con responsabilidad, estoy seguro, y tendremos a tiempo este documento indispensable para el desarrollo de M\u00e9xico\u201d.<\/p>\n<p>Corresponde al Poder Legislativo revisar y enriquecer el Paquete<\/p>\n<p>La presidenta de la Mesa Directiva de la C\u00e1mara de Diputados, Kenia L\u00f3pez Rabad\u00e1n, expres\u00f3 que hoy se recibe el Paquete Econ\u00f3mico 2026, en el cual se expresan las expectativas y prioridades de gasto del gobierno mexicano, as\u00ed como las decisiones fiscales que guiar\u00e1n la actividad econ\u00f3mica del pa\u00eds, y la responsabilidad que tiene la C\u00e1mara de Diputados de analizar, discutir y aprobar en tiempo y forma este Paquete es muy importante<\/p>\n<p>M\u00e9xico \u2013a\u00f1adi\u00f3&#8211; quiere y necesita que en esta C\u00e1mara trabajemos con sentido de responsabilidad y \u201ccomo presidenta de esta C\u00e1mara trabajar\u00e9 para generar las condiciones para que as\u00ed suceda.<\/p>\n<p>Habremos de revisar, debatir, aqu\u00ed se ha dicho, incluso seguramente de manera hist\u00f3rica para aprobar el Paquete Econ\u00f3mico, y esta, sin lugar a dudas, es necesario recordarle al pueblo de M\u00e9xico, es una de las responsabilidades m\u00e1s trascendentes que tenemos los legisladores en este momento a la hora de representar a los ciudadanos\u201d.<\/p>\n<p>Como presidenta de la C\u00e1mara asegur\u00f3 que velar\u00e1 porque esta atribuci\u00f3n se cumpla de la manera m\u00e1s correcta y \u00e9tica, garantizando que cada voz y cada visi\u00f3n encuentren cauce en un proceso responsable y abierto. Su aprobaci\u00f3n permite que las instituciones del gobierno funcionen en los \u00f3rdenes federal y locales, garantizando certidumbre y con ella la posibilidad de prosperidad para nuestro pa\u00eds.<\/p>\n<p>A\u00f1adi\u00f3 que el Paquete Econ\u00f3mico, que comprende tanto los ingresos como los egresos de la naci\u00f3n, es uno de los instrumentos m\u00e1s poderosos de la pol\u00edtica p\u00fablica: en \u00e9l se define c\u00f3mo se recauda y c\u00f3mo se gasta.  El Paquete Econ\u00f3mico es una propuesta del Poder Ejecutivo y corresponde al Poder Legislativo revisarla con rigor, enriquecerla con una visi\u00f3n plural y, sobre todo, velar porque las decisiones finales respondan al mandato y a los intereses del electorado que aqu\u00ed todas y todos representamos.<\/p>\n<p>Al acto de entrega-recepci\u00f3n acudieron integrantes de la Mesa Directiva de la C\u00e1mara de Diputadas; coordinadores y representantes de los grupos parlamentarios del PAN, PVEM, PT y MC; la y el presidente de las comisiones de Presupuesto y Cuenta P\u00fablica, diputada Merilyn G\u00f3mez Pozos (Morena), y de Hacienda y Cr\u00e9dito P\u00fablico, diputado Antonio Altamirano Carol (Morena), as\u00ed como diversas legisladoras y legisladores y funcionarios de la Secretar\u00eda de Hacienda y Cr\u00e9dito P\u00fablico.<\/p>\n","protected":false},"excerpt":{"rendered":"<p>San L\u00e1zaro 9 septiembre 2025.- La C\u00e1mara de Diputados recibi\u00f3 de la Secretar\u00eda de Hacienda y Cr\u00e9dito P\u00fablico (SHCP) el Paquete Econ\u00f3mico 2026, conformado por los Criterios Generales de Pol\u00edtica Econ\u00f3mica (CGPE), la iniciativa de Ley de Ingresos de la Federaci\u00f3n (ILIF) y el Proyecto de Presupuesto de Egresos de [&hellip;]<\/p>\n","protected":false},"author":1,"featured_media":14011,"comment_status":"open","ping_status":"open","sticky":false,"template":"","format":"standard","meta":[],"categories":[7],"tags":[],"_links":{"self":[{"href":"https:\/\/inforedguanajuato.com\/index.php?rest_route=\/wp\/v2\/posts\/14010"}],"collection":[{"href":"https:\/\/inforedguanajuato.com\/index.php?rest_route=\/wp\/v2\/posts"}],"about":[{"href":"https:\/\/inforedguanajuato.com\/index.php?rest_route=\/wp\/v2\/types\/post"}],"author":[{"embeddable":true,"href":"https:\/\/inforedguanajuato.com\/index.php?rest_route=\/wp\/v2\/users\/1"}],"replies":[{"embeddable":true,"href":"https:\/\/inforedguanajuato.com\/index.php?rest_route=%2Fwp%2Fv2%2Fcomments&post=14010"}],"version-history":[{"count":1,"href":"https:\/\/inforedguanajuato.com\/index.php?rest_route=\/wp\/v2\/posts\/14010\/revisions"}],"predecessor-version":[{"id":14012,"href":"https:\/\/inforedguanajuato.com\/index.php?rest_route=\/wp\/v2\/posts\/14010\/revisions\/14012"}],"wp:featuredmedia":[{"embeddable":true,"href":"https:\/\/inforedguanajuato.com\/index.php?rest_route=\/wp\/v2\/media\/14011"}],"wp:attachment":[{"href":"https:\/\/inforedguanajuato.com\/index.php?rest_route=%2Fwp%2Fv2%2Fmedia&parent=14010"}],"wp:term":[{"taxonomy":"category","embeddable":true,"href":"https:\/\/inforedguanajuato.com\/index.php?rest_route=%2Fwp%2Fv2%2Fcategories&post=14010"},{"taxonomy":"post_tag","embeddable":true,"href":"https:\/\/inforedguanajuato.com\/index.php?rest_route=%2Fwp%2Fv2%2Ftags&post=14010"}],"curies":[{"name":"wp","href":"https:\/\/api.w.org\/{rel}","templated":true}]}}