{"id":14807,"date":"2025-12-03T11:01:34","date_gmt":"2025-12-03T16:01:34","guid":{"rendered":"https:\/\/inforedguanajuato.com\/?p=14807"},"modified":"2025-12-03T11:03:01","modified_gmt":"2025-12-03T16:03:01","slug":"listas-las-ternas-para-integrar-el-consejo-consultivo-de-la-prodheg","status":"publish","type":"post","link":"https:\/\/inforedguanajuato.com\/?p=14807","title":{"rendered":"LISTAS LAS TERNAS PARA INTEGRAR EL CONSEJO CONSULTIVO DE LA PRODHEG."},"content":{"rendered":"<p>Guanajuato, Gto 3 diciembre 2025. \u2013  La Comisi\u00f3n de Derechos Humanos y Atenci\u00f3n a Grupos Vulnerables aprob\u00f3 el dictamen que contiene las ternas para la designaci\u00f3n de dos integrantes ante el Consejo Consultivo de la Procuradur\u00eda de los Derechos Humanos del Estado de Guanajuato.<\/p>\n<p>La diputada Pl\u00e1sida Calzada Vel\u00e1zquez invit\u00f3 a sus compa\u00f1eros a aprobar el dictamen que contiene las ternas, las cuales, dijo, quedaron conformadas, la primera, por V\u00edctor Hugo Ram\u00edrez Nieto, Mar\u00eda del Roc\u00edo Cervantes Barba Vargas Le\u00f3n y Emilio Iv\u00e1n Serrato Alfaro; y la segunda, por Ma. Isabel Llamas Andrade, Francisco Javier Soto Tejeda y Ernesto Ram\u00edrez Balderas.<\/p>\n<p>Extern\u00f3 que, sin duda, era trascendental que el Consejo Consultivo estuviera integrado de manera plena para que la Procuradur\u00eda de los Derechos Humanos cumpla a cabalidad con sus atribuciones en defensa y protecci\u00f3n de los derechos de todas las personas.<\/p>\n<p>En el apartado de asuntos generales, el legislador Jes\u00fas Hern\u00e1ndez Hern\u00e1ndez se refiri\u00f3 a la conmemoraci\u00f3n del D\u00eda Internacional de las Personas con Discapacidad, fecha que, dijo, recuerda que la dignidad, los derechos y la participaci\u00f3n plena no se celebran una vez al a\u00f1o: se defienden y se garantizan todos los d\u00edas, con hechos y con decisiones p\u00fablicas valientes.<br \/>\nResalt\u00f3 que la discapacidad no est\u00e1 en las personas, sino en las barreras que, como sociedad, hemos permitido que existan.<\/p>\n","protected":false},"excerpt":{"rendered":"<p>Guanajuato, Gto 3 diciembre 2025. \u2013 La Comisi\u00f3n de Derechos Humanos y Atenci\u00f3n a Grupos Vulnerables aprob\u00f3 el dictamen que contiene las ternas para la designaci\u00f3n de dos integrantes ante el Consejo Consultivo de la Procuradur\u00eda de los Derechos Humanos del Estado de Guanajuato. La diputada Pl\u00e1sida Calzada Vel\u00e1zquez invit\u00f3 [&hellip;]<\/p>\n","protected":false},"author":1,"featured_media":14808,"comment_status":"open","ping_status":"open","sticky":false,"template":"","format":"standard","meta":[],"categories":[7],"tags":[],"_links":{"self":[{"href":"https:\/\/inforedguanajuato.com\/index.php?rest_route=\/wp\/v2\/posts\/14807"}],"collection":[{"href":"https:\/\/inforedguanajuato.com\/index.php?rest_route=\/wp\/v2\/posts"}],"about":[{"href":"https:\/\/inforedguanajuato.com\/index.php?rest_route=\/wp\/v2\/types\/post"}],"author":[{"embeddable":true,"href":"https:\/\/inforedguanajuato.com\/index.php?rest_route=\/wp\/v2\/users\/1"}],"replies":[{"embeddable":true,"href":"https:\/\/inforedguanajuato.com\/index.php?rest_route=%2Fwp%2Fv2%2Fcomments&post=14807"}],"version-history":[{"count":1,"href":"https:\/\/inforedguanajuato.com\/index.php?rest_route=\/wp\/v2\/posts\/14807\/revisions"}],"predecessor-version":[{"id":14809,"href":"https:\/\/inforedguanajuato.com\/index.php?rest_route=\/wp\/v2\/posts\/14807\/revisions\/14809"}],"wp:featuredmedia":[{"embeddable":true,"href":"https:\/\/inforedguanajuato.com\/index.php?rest_route=\/wp\/v2\/media\/14808"}],"wp:attachment":[{"href":"https:\/\/inforedguanajuato.com\/index.php?rest_route=%2Fwp%2Fv2%2Fmedia&parent=14807"}],"wp:term":[{"taxonomy":"category","embeddable":true,"href":"https:\/\/inforedguanajuato.com\/index.php?rest_route=%2Fwp%2Fv2%2Fcategories&post=14807"},{"taxonomy":"post_tag","embeddable":true,"href":"https:\/\/inforedguanajuato.com\/index.php?rest_route=%2Fwp%2Fv2%2Ftags&post=14807"}],"curies":[{"name":"wp","href":"https:\/\/api.w.org\/{rel}","templated":true}]}}