{"id":14813,"date":"2025-12-03T14:02:02","date_gmt":"2025-12-03T19:02:02","guid":{"rendered":"https:\/\/inforedguanajuato.com\/?p=14813"},"modified":"2025-12-03T14:02:08","modified_gmt":"2025-12-03T19:02:08","slug":"revisan-en-el-congreso-del-estado-propuesta-para-incrementar-la-pena-para-la-violencia-familiar","status":"publish","type":"post","link":"https:\/\/inforedguanajuato.com\/?p=14813","title":{"rendered":"REVISAN EN EL CONGRESO DEL ESTADO PROPUESTA PARA INCREMENTAR LA PENA PARA LA VIOLENCIA FAMILIAR."},"content":{"rendered":"<p>Guanajuato, Gto 3 diciembre 2025. \u2013  Convocada por la Comisi\u00f3n de Justicia, se realiz\u00f3 una mesa de trabajo para el an\u00e1lisis de la propuesta que busca modificar el C\u00f3digo Penal del Estado de Guanajuato, a fin de incorporar una pena m\u00e1s severa en el tipo penal de violencia familiar.<\/p>\n<p>Los representantes de las autoridades comentaron que no se trata de un incremento de penas, sino de lograr la media aritm\u00e9tica entre la pena mayor y la pena menor para alcanzar que sean m\u00e1s de 5 a\u00f1os de prisi\u00f3n, as\u00ed como que no haya una suspensi\u00f3n condicionada en beneficio del imputado.<\/p>\n<p>Asimismo, se mencion\u00f3 que la iniciativa es procedente por dar cuenta de la afectaci\u00f3n que se vive en el seno familiar y genera una medida contundente para efectos poder atacar las m\u00faltiples manifestaciones de violencia familiar, mismas que deben abordarse desde una perspectiva integral que reconozca el contexto hist\u00f3rico que perpetua relaciones de poder y desigualdad, junto a que se atienda las condiciones particulares de las v\u00edctimas.<\/p>\n<p>Al hacer uso de la voz, la diputada Susana Berm\u00fadez Cano extern\u00f3 coincidencia con el reforzamiento de los art\u00edculos que tienen que ver con violencia familiar, el cual dijo que es uno de los delitos que ha mostrado un incremento en la entidad. Tambi\u00e9n refiri\u00f3 que existen diversas opiniones de instituciones que se deben tomar en cuenta en el an\u00e1lisis que se tendr\u00e1 con los asesores de los diferentes grupos parlamentarios.<\/p>\n","protected":false},"excerpt":{"rendered":"<p>Guanajuato, Gto 3 diciembre 2025. \u2013 Convocada por la Comisi\u00f3n de Justicia, se realiz\u00f3 una mesa de trabajo para el an\u00e1lisis de la propuesta que busca modificar el C\u00f3digo Penal del Estado de Guanajuato, a fin de incorporar una pena m\u00e1s severa en el tipo penal de violencia familiar. Los [&hellip;]<\/p>\n","protected":false},"author":1,"featured_media":14814,"comment_status":"open","ping_status":"open","sticky":false,"template":"","format":"standard","meta":[],"categories":[7],"tags":[],"_links":{"self":[{"href":"https:\/\/inforedguanajuato.com\/index.php?rest_route=\/wp\/v2\/posts\/14813"}],"collection":[{"href":"https:\/\/inforedguanajuato.com\/index.php?rest_route=\/wp\/v2\/posts"}],"about":[{"href":"https:\/\/inforedguanajuato.com\/index.php?rest_route=\/wp\/v2\/types\/post"}],"author":[{"embeddable":true,"href":"https:\/\/inforedguanajuato.com\/index.php?rest_route=\/wp\/v2\/users\/1"}],"replies":[{"embeddable":true,"href":"https:\/\/inforedguanajuato.com\/index.php?rest_route=%2Fwp%2Fv2%2Fcomments&post=14813"}],"version-history":[{"count":1,"href":"https:\/\/inforedguanajuato.com\/index.php?rest_route=\/wp\/v2\/posts\/14813\/revisions"}],"predecessor-version":[{"id":14815,"href":"https:\/\/inforedguanajuato.com\/index.php?rest_route=\/wp\/v2\/posts\/14813\/revisions\/14815"}],"wp:featuredmedia":[{"embeddable":true,"href":"https:\/\/inforedguanajuato.com\/index.php?rest_route=\/wp\/v2\/media\/14814"}],"wp:attachment":[{"href":"https:\/\/inforedguanajuato.com\/index.php?rest_route=%2Fwp%2Fv2%2Fmedia&parent=14813"}],"wp:term":[{"taxonomy":"category","embeddable":true,"href":"https:\/\/inforedguanajuato.com\/index.php?rest_route=%2Fwp%2Fv2%2Fcategories&post=14813"},{"taxonomy":"post_tag","embeddable":true,"href":"https:\/\/inforedguanajuato.com\/index.php?rest_route=%2Fwp%2Fv2%2Ftags&post=14813"}],"curies":[{"name":"wp","href":"https:\/\/api.w.org\/{rel}","templated":true}]}}