{"id":14886,"date":"2025-12-10T23:15:50","date_gmt":"2025-12-11T04:15:50","guid":{"rendered":"https:\/\/inforedguanajuato.com\/?p=14886"},"modified":"2025-12-10T23:15:53","modified_gmt":"2025-12-11T04:15:53","slug":"reafirma-gobernadora-compromiso-con-los-derechos-humanos-de-todas-las-personas","status":"publish","type":"post","link":"https:\/\/inforedguanajuato.com\/?p=14886","title":{"rendered":"Reafirma Gobernadora compromiso con los derechos humanos de todas las personas."},"content":{"rendered":"<p>Guanajuato, Gto. 10 de diciembre de 2025.- La dignidad humana debe ser el punto de partida de toda pol\u00edtica p\u00fablica y de cada decisi\u00f3n que se toma desde el servicio p\u00fablico, afirm\u00f3 la Gobernadora de la Gente, Libia Dennise Garc\u00eda Mu\u00f1oz Ledo, al participar en el 2\u00ba Foro Estatal de Derechos Humanos \u201cTodas las Personas, Todos sus Derechos\u201d, realizado en el marco del D\u00eda Internacional de los Derechos Humanos.<\/p>\n<p>Durante su mensaje, la Gobernadora subray\u00f3 que los derechos humanos no son concesiones ni privilegios, sino derechos inherentes a todas las personas por el simple hecho de serlo. En ese sentido, reiter\u00f3 que el papel del Estado es reconocerlos, respetarlos y garantizar su ejercicio pleno, sin distinciones ni exclusiones.<\/p>\n<p>\u201cLa diversidad no nos hace menos, nos enriquece como sociedad. Gobernar con enfoque de derechos humanos significa reconocer que no todas las personas parten de las mismas condiciones y que es responsabilidad del gobierno generar pol\u00edticas que equilibren esas desigualdades\u201d, expres\u00f3.<\/p>\n<p>La Mandataria estatal reconoci\u00f3 que, si bien se han logrado avances importantes, a\u00fan existen retos estructurales y culturales que requieren atenci\u00f3n constante. Se\u00f1al\u00f3 que la defensa de los derechos humanos no solo implica cambios legales o administrativos, sino tambi\u00e9n un proceso de reflexi\u00f3n y transformaci\u00f3n social que convoque a todas y todos.<\/p>\n<p>En este contexto, destac\u00f3 la creaci\u00f3n de la Secretar\u00eda de Derechos Humanos, como una decisi\u00f3n firme del Gobierno de la Gente para colocar a las personas en el centro, con especial atenci\u00f3n a grupos prioritarios como personas migrantes, comunidades ind\u00edgenas, personas con discapacidad y poblaciones de la diversidad sexual y de g\u00e9nero.<\/p>\n<p>La Gobernadora explic\u00f3 que las acciones afirmativas y las pol\u00edticas diferenciadas no buscan generar privilegios, sino igualar las condiciones de partida, reconociendo las barreras hist\u00f3ricas que han limitado el acceso pleno a derechos para determinados sectores de la poblaci\u00f3n.<\/p>\n<p>El 2\u00ba Foro Estatal de Derechos Humanos fue concebido como un espacio de di\u00e1logo, an\u00e1lisis y reflexi\u00f3n entre especialistas, academia, organizaciones de la sociedad civil y servidores p\u00fablicos, con el objetivo de fortalecer una cultura institucional basada en el respeto, la igualdad y la no discriminaci\u00f3n, as\u00ed como avanzar hacia pol\u00edticas m\u00e1s sensibles e incluyentes en Guanajuato.<\/p>\n<p>Finalmente, Libia Dennise hizo un llamado a que este foro se consolide como un ejercicio permanente de escucha, aprendizaje y compromiso colectivo: \u201cEn Guanajuato todas las personas valen lo mismo, todas importan y todas las vocesdeben ser escuchadas. Ese es el rumbo que seguimos construyendo como Gobierno de la Gente\u201d.<\/p>\n<p>En el 2\u00b0 Foro de Derechos Humanos participaron: Juan Carlos Montesinos Carranza, Presidente del Consejo del DIF Estatal; Samantha Smith Guti\u00e9rrez, Presidenta Municipal de Guanajuato; Liz Alejandra Esparza Frausto, Secretaria de Derechos Humanos; H\u00e9ctor Tinajero Mu\u00f1oz, Presidente del Supremo Tribunal de Justicia y del Consejo del Poder Judicial del Estado; Jorge Daniel Jim\u00e9nez Lona, Secretario de Gobierno; Yesenia Rojas, Diputada Presidenta de la Comisi\u00f3n de Atenci\u00f3n a las Personas Migrantes del Congreso del Estado de Guanajuato.<\/p>\n<p>As\u00ed como Presidentas y Presidentes Municipales, integrantes de Asociaciones Civiles, titulares del Gabinete Legal y Ampliado del Gobierno de la Gente, y sociedad civil.<\/p>\n","protected":false},"excerpt":{"rendered":"<p>Guanajuato, Gto. 10 de diciembre de 2025.- La dignidad humana debe ser el punto de partida de toda pol\u00edtica p\u00fablica y de cada decisi\u00f3n que se toma desde el servicio p\u00fablico, afirm\u00f3 la Gobernadora de la Gente, Libia Dennise Garc\u00eda Mu\u00f1oz Ledo, al participar en el 2\u00ba Foro Estatal de [&hellip;]<\/p>\n","protected":false},"author":1,"featured_media":14887,"comment_status":"open","ping_status":"open","sticky":false,"template":"","format":"standard","meta":[],"categories":[7],"tags":[],"_links":{"self":[{"href":"https:\/\/inforedguanajuato.com\/index.php?rest_route=\/wp\/v2\/posts\/14886"}],"collection":[{"href":"https:\/\/inforedguanajuato.com\/index.php?rest_route=\/wp\/v2\/posts"}],"about":[{"href":"https:\/\/inforedguanajuato.com\/index.php?rest_route=\/wp\/v2\/types\/post"}],"author":[{"embeddable":true,"href":"https:\/\/inforedguanajuato.com\/index.php?rest_route=\/wp\/v2\/users\/1"}],"replies":[{"embeddable":true,"href":"https:\/\/inforedguanajuato.com\/index.php?rest_route=%2Fwp%2Fv2%2Fcomments&post=14886"}],"version-history":[{"count":1,"href":"https:\/\/inforedguanajuato.com\/index.php?rest_route=\/wp\/v2\/posts\/14886\/revisions"}],"predecessor-version":[{"id":14888,"href":"https:\/\/inforedguanajuato.com\/index.php?rest_route=\/wp\/v2\/posts\/14886\/revisions\/14888"}],"wp:featuredmedia":[{"embeddable":true,"href":"https:\/\/inforedguanajuato.com\/index.php?rest_route=\/wp\/v2\/media\/14887"}],"wp:attachment":[{"href":"https:\/\/inforedguanajuato.com\/index.php?rest_route=%2Fwp%2Fv2%2Fmedia&parent=14886"}],"wp:term":[{"taxonomy":"category","embeddable":true,"href":"https:\/\/inforedguanajuato.com\/index.php?rest_route=%2Fwp%2Fv2%2Fcategories&post=14886"},{"taxonomy":"post_tag","embeddable":true,"href":"https:\/\/inforedguanajuato.com\/index.php?rest_route=%2Fwp%2Fv2%2Ftags&post=14886"}],"curies":[{"name":"wp","href":"https:\/\/api.w.org\/{rel}","templated":true}]}}