{"id":1513,"date":"2020-01-12T20:40:27","date_gmt":"2020-01-13T01:40:27","guid":{"rendered":"http:\/\/inforedguanajuato.com\/?p=1513"},"modified":"2020-01-12T20:40:27","modified_gmt":"2020-01-13T01:40:27","slug":"arranca-la-feria-de-leon-por-primera-ocasion-con-la-participacion-del-museo-de-las-momias-de-guanajuato","status":"publish","type":"post","link":"https:\/\/inforedguanajuato.com\/?p=1513","title":{"rendered":"ARRANCA LA FERIA DE LE\u00d3N POR PRIMERA OCASI\u00d3N CON LA PARTICIPACI\u00d3N DEL MUSEO DE LAS MOMIAS DE GUANAJUATO."},"content":{"rendered":"<p><!--more--><\/p>\n<p><strong>Guanajuato, Gto.; 10 de enero de 2020.\u2013<\/strong><span style=\"font-style: inherit; font-weight: inherit;\">\u00a0La Feria Estatal de Le\u00f3n cumpli\u00f3 144 a\u00f1os con la presencia de 11 Momias de la extraordinaria colecci\u00f3n que posee Guanajuato Capital. Los cuerpos momificados estar\u00e1n durante 26 d\u00edas entre el peque\u00f1o Jap\u00f3n y la gastronom\u00eda tamaulipeca, del 10 de enero al 4 de febrero.<\/span><span style=\"font-style: inherit; font-weight: inherit;\">\u00a0<\/span><\/p>\n<p><span style=\"font-style: inherit; font-weight: inherit;\">Junto con \u2018La Bruja\u2019, Tere, Sarita, Lul\u00fa, Eduardo, Edgardo, V\u00edctor; Gilbertito y las ni\u00f1as Laura, Magnolia y Magdalena Aguilar forman parte de la embajada guanajuatense que engalana el espacio que tambi\u00e9n alberga los pabellones de Tamaulipas y Jap\u00f3n, estado y pa\u00eds invitados de honor, respectivamente.<\/span><span style=\"font-style: inherit; font-weight: inherit;\">\u00a0<\/span><\/p>\n<p><span style=\"font-style: inherit; font-weight: inherit;\">El presidente municipal de Guanajuato, Alejandro Navarro, hizo todo lo necesario para poner a uno de los recintos m\u00e1s visitados de M\u00e9xico en la Feria m\u00e1s grande del pa\u00eds, proyectando de nuevo a su Ciudad Patrimonio como una de las que representa la identidad mexicana con mayor fuerza en todo el mundo.<\/span><span style=\"font-style: inherit; font-weight: inherit;\">\u00a0<\/span><\/p>\n<p><span style=\"font-style: inherit; font-weight: inherit;\">En representaci\u00f3n del Alcalde de Guanajuato Capital, la regidora Margarita Rionda Salas, asegur\u00f3 que la muestra del Museo de las Momias es el principal atractivo de una Feria innovadora, familiar y segura.<\/span><span style=\"font-style: inherit; font-weight: inherit;\">\u00a0<\/span><\/p>\n<p><span style=\"font-style: inherit; font-weight: inherit;\">\u201cVengan a ver la muestra del Museo de las Momias, est\u00e1 impresionante\u201d, recomend\u00f3 el famoso conductor de televisi\u00f3n, Pepillo Origel, quien es el embajador oficial de la Feria Estatal de Le\u00f3n 2020.<\/span><span style=\"font-style: inherit; font-weight: inherit;\">\u00a0<\/span><\/p>\n<p><span style=\"font-style: inherit; font-weight: inherit;\">El presidente del Consejo Directivo del Patronato de la Feria, Juan Carlos Mu\u00f1oz, mencion\u00f3 que esta parte del patrimonio guanajuatense es testimonio de lo que se puede lograr en equipo.<\/span><span style=\"font-style: inherit; font-weight: inherit;\">\u00a0<\/span><\/p>\n<p><span style=\"font-style: inherit; font-weight: inherit;\">En el primer segmento del pol\u00edgono ferial, el Gobierno Municipal de Guanajuato instal\u00f3 su ic\u00f3nica muestra itinerante, que tambi\u00e9n incluye una carroza f\u00fanebre de la marca Pontiac, cuyo ensamblaje data de 1953.<\/span><span style=\"font-style: inherit; font-weight: inherit;\">\u00a0<\/span><\/p>\n<p><span style=\"font-style: inherit; font-weight: inherit;\">Sobre \u2018La Bruja\u2019, la momia principal, la leyenda dicta que viv\u00eda en el callej\u00f3n de la Cabecita, ubicado cerca del hist\u00f3rico pante\u00f3n de Santa Paula, del cual fue expulsada varias veces al ser sorprendida sustrayendo huesos de cad\u00e1veres.<\/span><\/p>\n<p>&nbsp;<\/p>\n","protected":false},"excerpt":{"rendered":"","protected":false},"author":1,"featured_media":1515,"comment_status":"open","ping_status":"open","sticky":false,"template":"","format":"standard","meta":[],"categories":[3],"tags":[],"_links":{"self":[{"href":"https:\/\/inforedguanajuato.com\/index.php?rest_route=\/wp\/v2\/posts\/1513"}],"collection":[{"href":"https:\/\/inforedguanajuato.com\/index.php?rest_route=\/wp\/v2\/posts"}],"about":[{"href":"https:\/\/inforedguanajuato.com\/index.php?rest_route=\/wp\/v2\/types\/post"}],"author":[{"embeddable":true,"href":"https:\/\/inforedguanajuato.com\/index.php?rest_route=\/wp\/v2\/users\/1"}],"replies":[{"embeddable":true,"href":"https:\/\/inforedguanajuato.com\/index.php?rest_route=%2Fwp%2Fv2%2Fcomments&post=1513"}],"version-history":[{"count":1,"href":"https:\/\/inforedguanajuato.com\/index.php?rest_route=\/wp\/v2\/posts\/1513\/revisions"}],"predecessor-version":[{"id":1516,"href":"https:\/\/inforedguanajuato.com\/index.php?rest_route=\/wp\/v2\/posts\/1513\/revisions\/1516"}],"wp:featuredmedia":[{"embeddable":true,"href":"https:\/\/inforedguanajuato.com\/index.php?rest_route=\/wp\/v2\/media\/1515"}],"wp:attachment":[{"href":"https:\/\/inforedguanajuato.com\/index.php?rest_route=%2Fwp%2Fv2%2Fmedia&parent=1513"}],"wp:term":[{"taxonomy":"category","embeddable":true,"href":"https:\/\/inforedguanajuato.com\/index.php?rest_route=%2Fwp%2Fv2%2Fcategories&post=1513"},{"taxonomy":"post_tag","embeddable":true,"href":"https:\/\/inforedguanajuato.com\/index.php?rest_route=%2Fwp%2Fv2%2Ftags&post=1513"}],"curies":[{"name":"wp","href":"https:\/\/api.w.org\/{rel}","templated":true}]}}