{"id":15157,"date":"2026-01-25T15:46:35","date_gmt":"2026-01-25T20:46:35","guid":{"rendered":"https:\/\/inforedguanajuato.com\/?p=15157"},"modified":"2026-01-25T15:46:36","modified_gmt":"2026-01-25T20:46:36","slug":"avanza-la-jornada-laboral-de-40-horas-en-el-congreso-de-la-union-mejia-berdeja","status":"publish","type":"post","link":"https:\/\/inforedguanajuato.com\/?p=15157","title":{"rendered":"Avanza la jornada laboral de 40 horas en el Congreso de la Uni\u00f3n: Mej\u00eda Berdeja"},"content":{"rendered":"<p>San Lazaro 25 enero 2026.-El diputado federal Ricardo Mej\u00eda Berdeja afirm\u00f3 que en este pr\u00f3ximo periodo de sesiones se pretende formalizar la reducci\u00f3n de la jornada laboral de 48 a 40 horas semanales, ya que esta demanda forma parte de una agenda hist\u00f3rica de derechos que busca equilibrar productividad, bienestar y desarrollo social en nuestro pa\u00eds.<\/p>\n<p>\u201cA reserva de saber que el gobierno federal ya impulsa este ajuste de manera gradual, nosotros queremos formalizarlo en el marco legal, porque es un asunto prioritario, que tiene un impacto directo en la vida cotidiana de millones de trabajadores en todo el territorio nacional\u201d, dijo.<\/p>\n<p>Aunado a esto, \u201cEl Tigre\u201d Mej\u00eda explic\u00f3 que, por el momento se carece de una posici\u00f3n formal del sector econ\u00f3mico, por lo que, el tambi\u00e9n presidente de la Comisi\u00f3n de Transparencia y Anticorrupci\u00f3n de la C\u00e1mara de Diputados, consider\u00f3 que no debe haber regateos, ni mezquindades pol\u00edticas, para avanzar en su aprobaci\u00f3n; \u201cson buenas propuestas y deben analizarse con responsabilidad y visi\u00f3n de Estado\u201d.<\/p>\n<p>\u201cCuando las iniciativas son en beneficio del pa\u00eds, no debe haber mezquindades ni regateos. La reducci\u00f3n de la jornada laboral es una medida que puede implementarse de manera ordenada y responsable, priorizando el sentido humanista y con sentido social a favor de todos los mexicanos, en particular, los m\u00e1s vulnerables\u201d, puntualiz\u00f3.<\/p>\n<p>Durante una gira de trabajo por diversos municipios de Coahuila, el legislador federal por el Partido del Trabajo (PT) reiter\u00f3 el respaldo a la propuesta del gobierno federal, a fin de no afectar la productividad de las empresas y permitir una transici\u00f3n adecuada en los distintos sectores econ\u00f3micos instaurados en el pa\u00eds.<\/p>\n<p>Ricardo \u201cEl Tigre\u201d Mej\u00eda resalt\u00f3 que su partido mantendr\u00e1 una postura de di\u00e1logo y prudencia frente a los temas legislativos en construcci\u00f3n, al tiempo de reconocer que existen conversaciones encaminadas a generar acuerdos amplios; \u201cel objetivo es construir consensos que beneficien al pa\u00eds\u201d.<\/p>\n<p>En materia pol\u00edtica, Mej\u00eda Berdeja expres\u00f3 que existen condiciones pol\u00edticas para que los partidos de la coalici\u00f3n del segundo piso de la Cuarta Transformaci\u00f3n contin\u00faen trabajando de manera conjunta, \u201cen un marco de unidad y responsabilidad institucional de cara a las elecciones locales de este a\u00f1o en Coahuila, y las intermedias en 2027\u201d.<\/p>\n<p>Durante una visita a Piedras Negras, Coahuila, el diputado federal anunci\u00f3 una reuni\u00f3n con militantes y ciudadanos para informar sobre estas actividades legislativas que se perfilan en el Congreso de la Uni\u00f3n, reiterando su compromiso con la regi\u00f3n norte de esta entidad federativa y con una pol\u00edtica de cercan\u00eda con la ciudadan\u00eda.<\/p>\n<p>Sin duda alguna el PT respalda el proceso de transformaci\u00f3n del pa\u00eds, y m\u00e1s, en aquellos lugares donde el PRI se resiste a dejar el poder por el poder, \u201cson los \u00faltimos resquicios de esa pol\u00edtica donde unos cu\u00e1ntos se beneficiaban a costa de todos los mexicanos, eso ya se les acab\u00f3, el pueblo ya manifest\u00f3: hasta aqu\u00ed\u201d, dijo Ricardo \u201cEl Tigre\u201d Mej\u00eda.<\/p>\n","protected":false},"excerpt":{"rendered":"<p>San Lazaro 25 enero 2026.-El diputado federal Ricardo Mej\u00eda Berdeja afirm\u00f3 que en este pr\u00f3ximo periodo de sesiones se pretende formalizar la reducci\u00f3n de la jornada laboral de 48 a 40 horas semanales, ya que esta demanda forma parte de una agenda hist\u00f3rica de derechos que busca equilibrar productividad, bienestar [&hellip;]<\/p>\n","protected":false},"author":1,"featured_media":15158,"comment_status":"open","ping_status":"open","sticky":false,"template":"","format":"standard","meta":[],"categories":[7],"tags":[],"_links":{"self":[{"href":"https:\/\/inforedguanajuato.com\/index.php?rest_route=\/wp\/v2\/posts\/15157"}],"collection":[{"href":"https:\/\/inforedguanajuato.com\/index.php?rest_route=\/wp\/v2\/posts"}],"about":[{"href":"https:\/\/inforedguanajuato.com\/index.php?rest_route=\/wp\/v2\/types\/post"}],"author":[{"embeddable":true,"href":"https:\/\/inforedguanajuato.com\/index.php?rest_route=\/wp\/v2\/users\/1"}],"replies":[{"embeddable":true,"href":"https:\/\/inforedguanajuato.com\/index.php?rest_route=%2Fwp%2Fv2%2Fcomments&post=15157"}],"version-history":[{"count":1,"href":"https:\/\/inforedguanajuato.com\/index.php?rest_route=\/wp\/v2\/posts\/15157\/revisions"}],"predecessor-version":[{"id":15159,"href":"https:\/\/inforedguanajuato.com\/index.php?rest_route=\/wp\/v2\/posts\/15157\/revisions\/15159"}],"wp:featuredmedia":[{"embeddable":true,"href":"https:\/\/inforedguanajuato.com\/index.php?rest_route=\/wp\/v2\/media\/15158"}],"wp:attachment":[{"href":"https:\/\/inforedguanajuato.com\/index.php?rest_route=%2Fwp%2Fv2%2Fmedia&parent=15157"}],"wp:term":[{"taxonomy":"category","embeddable":true,"href":"https:\/\/inforedguanajuato.com\/index.php?rest_route=%2Fwp%2Fv2%2Fcategories&post=15157"},{"taxonomy":"post_tag","embeddable":true,"href":"https:\/\/inforedguanajuato.com\/index.php?rest_route=%2Fwp%2Fv2%2Ftags&post=15157"}],"curies":[{"name":"wp","href":"https:\/\/api.w.org\/{rel}","templated":true}]}}