{"id":15163,"date":"2026-01-26T19:43:00","date_gmt":"2026-01-27T00:43:00","guid":{"rendered":"https:\/\/inforedguanajuato.com\/?p=15163"},"modified":"2026-01-26T19:43:05","modified_gmt":"2026-01-27T00:43:05","slug":"despues-de-la-masacre-en-salamanca-ahora-todos-a-ponerse-las-pilas-para-combatir-la-inseguridad","status":"publish","type":"post","link":"https:\/\/inforedguanajuato.com\/?p=15163","title":{"rendered":"DESPUES DE LA MASACRE EN SALAMANCA AHORA TODOS A PONERSE LAS PILAS PARA COMBATIR LA INSEGURIDAD."},"content":{"rendered":"<p>Salamanca, Gto., a 26 de enero de 2026.- En Guanajuato se tienen Autoridades de reaccion y no de prevecion, hoy ya algo tarde autoridades de los tres niveles de gobierno dicen coordinarse para restablecer la seguridad, que acaso no se cordinaban desde antes o era pura cortina de humopara decir que trabajan, porque lo sucedido en Salamanca los devela que no existe ningun tipo de trabajo y Tras los lamentables hechos registrados el d\u00eda de ayer en la comunidad de Loma de Flores, en el municipio de Salamanca, autoridades municipales, estatales y federales acordaron fortalecer la coordinaci\u00f3n institucional para atender la situaci\u00f3n, avanzar en las investigaciones y reforzar la seguridad en la zona.<\/p>\n<p>Con reuniones de los responsables de la seguridad en el estado de guanajuato, no se acaba la ionseguridad, y como dijera la misma gobernadora  a sus subalternos, menos escritorio y mas territorio pero para trabajar no para pasearse y hacer campa\u00f1a politica del partido en el poder entre los ciudadanos, se trata de hacer presencia policiaca e hinibir los delitos, en varios municipios todos los dias existen tiroteos y personas fallesidas, pero se oculta la informacion.<\/p>\n<p>Durante una reuni\u00f3n de trabajo realizada en el C4 de Salamanca, el Secretario de Gobierno, Jorge Daniel Jim\u00e9nez Lona, reiter\u00f3 el respaldo del Gobierno del Estado al municipio y subray\u00f3 que la ruta para dar resultados es el trabajo conjunto.<\/p>\n<p>\u201cTenemos la instrucci\u00f3n de la Gobernadora Libia Dennise Garc\u00eda Mu\u00f1oz Ledo de brindar todo el apoyo. Venimos a hacer equipo con el Ayuntamiento y con las autoridades municipales para responder con coordinaci\u00f3n, inteligencia y acciones concretas\u201d, expres\u00f3.<\/p>\n<p>Jim\u00e9nez Lona destac\u00f3 que no habr\u00e1 impunidad y que las instituciones continuar\u00e1n trabajando de manera articulada para dar certeza a la ciudadan\u00eda y avanzar en el esclarecimiento de los hechos.<\/p>\n<p>En el encuentro participaron el General Gabriel Mart\u00ednez Garc\u00eda, comandante de la 16\/a Zona Militar; el alcalde de Salamanca, C\u00e9sar Prieto Gallardo; el Secretario de Seguridad y Paz, Juan Mauro Gonz\u00e1lez Mart\u00ednez; y el Fiscal General del Estado, Gerardo V\u00e1zquez Alatriste.<\/p>\n<p>El Secretario de Seguridad y Paz inform\u00f3 que desde el primer momento se ha dado seguimiento puntual al caso, lo que ha permitido generar informaci\u00f3n relevante para fortalecer las l\u00edneas de investigaci\u00f3n y las acciones operativas en campo.<\/p>\n<p>Por su parte, el Fiscal General del Estado confirm\u00f3 que existen avances significativos en la investigaci\u00f3n y reiter\u00f3 que se continuar\u00e1 trabajando hasta llevar a los responsables ante la justicia, conforme al debido proceso.<\/p>\n<p>Como resultado de esta mesa interinstitucional, se acord\u00f3 reforzar la presencia y coordinaci\u00f3n de los cuerpos de seguridad, as\u00ed como implementar acciones preventivas y operativas para preservar el orden p\u00fablico y brindar mayor tranquilidad a las familias salmantinas.<\/p>\n<p>El alcalde C\u00e9sar Prieto agradeci\u00f3 el acompa\u00f1amiento y la disposici\u00f3n de las autoridades estatales y federales, y reiter\u00f3 la importancia de mantener una coordinaci\u00f3n permanente para esclarecer los hechos y atender las necesidades del municipio.<\/p>\n<p>Finalmente, el Secretario de Gobierno subray\u00f3 que el Estado seguir\u00e1 acompa\u00f1ando a Salamanca con estrategia, coordinaci\u00f3n y trabajo constante, reafirmando el compromiso de proteger a las familias y contribuir a la recuperaci\u00f3n de la tranquilidad en la regi\u00f3n.<\/p>\n","protected":false},"excerpt":{"rendered":"<p>Salamanca, Gto., a 26 de enero de 2026.- En Guanajuato se tienen Autoridades de reaccion y no de prevecion, hoy ya algo tarde autoridades de los tres niveles de gobierno dicen coordinarse para restablecer la seguridad, que acaso no se cordinaban desde antes o era pura cortina de humopara decir [&hellip;]<\/p>\n","protected":false},"author":1,"featured_media":15164,"comment_status":"open","ping_status":"open","sticky":false,"template":"","format":"standard","meta":[],"categories":[7],"tags":[],"_links":{"self":[{"href":"https:\/\/inforedguanajuato.com\/index.php?rest_route=\/wp\/v2\/posts\/15163"}],"collection":[{"href":"https:\/\/inforedguanajuato.com\/index.php?rest_route=\/wp\/v2\/posts"}],"about":[{"href":"https:\/\/inforedguanajuato.com\/index.php?rest_route=\/wp\/v2\/types\/post"}],"author":[{"embeddable":true,"href":"https:\/\/inforedguanajuato.com\/index.php?rest_route=\/wp\/v2\/users\/1"}],"replies":[{"embeddable":true,"href":"https:\/\/inforedguanajuato.com\/index.php?rest_route=%2Fwp%2Fv2%2Fcomments&post=15163"}],"version-history":[{"count":1,"href":"https:\/\/inforedguanajuato.com\/index.php?rest_route=\/wp\/v2\/posts\/15163\/revisions"}],"predecessor-version":[{"id":15165,"href":"https:\/\/inforedguanajuato.com\/index.php?rest_route=\/wp\/v2\/posts\/15163\/revisions\/15165"}],"wp:featuredmedia":[{"embeddable":true,"href":"https:\/\/inforedguanajuato.com\/index.php?rest_route=\/wp\/v2\/media\/15164"}],"wp:attachment":[{"href":"https:\/\/inforedguanajuato.com\/index.php?rest_route=%2Fwp%2Fv2%2Fmedia&parent=15163"}],"wp:term":[{"taxonomy":"category","embeddable":true,"href":"https:\/\/inforedguanajuato.com\/index.php?rest_route=%2Fwp%2Fv2%2Fcategories&post=15163"},{"taxonomy":"post_tag","embeddable":true,"href":"https:\/\/inforedguanajuato.com\/index.php?rest_route=%2Fwp%2Fv2%2Ftags&post=15163"}],"curies":[{"name":"wp","href":"https:\/\/api.w.org\/{rel}","templated":true}]}}