{"id":15177,"date":"2026-01-28T14:53:01","date_gmt":"2026-01-28T19:53:01","guid":{"rendered":"https:\/\/inforedguanajuato.com\/?p=15177"},"modified":"2026-01-28T14:53:04","modified_gmt":"2026-01-28T19:53:04","slug":"en-el-congreso-del-estado-revisan-propuestas-en-materia-de-interes-superior-de-la-ninez-y-sanciones-penales-por-el-desmonte-y-la-tala-de-arboles","status":"publish","type":"post","link":"https:\/\/inforedguanajuato.com\/?p=15177","title":{"rendered":"EN EL CONGRESO DEL ESTADO REVISAN PROPUESTAS EN MATERIA DE INTER\u00c9S SUPERIOR DE LA NI\u00d1EZ Y SANCIONES PENALES POR EL DESMONTE Y LA TALA DE \u00c1RBOLES."},"content":{"rendered":"<p>Guanajuato, Gto 28 enero 2026. \u2013  Con el objeto de analizar dos iniciativas de reforma al C\u00f3digo Penal, la Comisi\u00f3n de Justicia convoc\u00f3 a mesas de trabajo.<\/p>\n<p>Inter\u00e9s superior de la ni\u00f1ez<\/p>\n<p>En primera instancia se analiz\u00f3 una iniciativa en materia de inter\u00e9s superior de la ni\u00f1ez, que busca adicionar un p\u00e1rrafo segundo al art\u00edculo 7 del C\u00f3digo Penal, a fin de incluir dentro del t\u00edtulo relativo a la aplicaci\u00f3n de la Ley, el principio del inter\u00e9s superior de la ni\u00f1ez, para que, en caso de delitos cometidos en contra de menores, esto es, de ni\u00f1as, ni\u00f1os y adolescentes siempre se procurar\u00e1 el inter\u00e9s superior de la ni\u00f1ez que debe prevalecer en toda aplicaci\u00f3n de la Ley.<\/p>\n<p>La diputada Susana Berm\u00fadez Cano manifest\u00f3 que la propuesta busca establecer de manera expresa en el C\u00f3digo Penal el principio de inter\u00e9s superior de la ni\u00f1ez, a efecto de que en la interpretaci\u00f3n y aplicaci\u00f3n del derecho penal las juezas y juzgadores, ministerios p\u00fablicos y toda autoridad administrativa, coloquen a las ni\u00f1as, ni\u00f1os y adolescentes en el centro de las decisiones que les afecten, particularmente cuando son v\u00edctimas de un delito.<\/p>\n<p>Agreg\u00f3 que el citado principio normativo constituye una protecci\u00f3n legal reforzada que garantiza el pleno ejercicio de sus derechos; y que las autoridades deben observar este principio rector para garantizar la reparaci\u00f3n del da\u00f1o inmediato, as\u00ed como emitir las medidas de protecci\u00f3n y cautelares que resulten necesarias en su favor.<\/p>\n<p>De manera general, se coment\u00f3 que la propuesta se considera jur\u00eddicamente viable, toda vez que se sustenta en el inter\u00e9s superior de la ni\u00f1ez, que debe entenderse como un derecho sustantivo, un principio jur\u00eddico interpretativo fundamental y una norma de procedimiento.<\/p>\n<p>Se apunt\u00f3 que esa concepci\u00f3n permite que, de manera excepcional, las personas juzgadoras puedan flexibilizar determinadas reglas procesales como plazos, caducidad o cosa juzgada, cuando su aplicaci\u00f3n estricta afecte de forma desproporcionada los derechos de ni\u00f1as, ni\u00f1os y adolescentes, sin imponer cargas indebidas a terceros ni comprometer la eficacia judicial; que fortalece la tutela efectiva de sus derechos y se contribuye a la sanci\u00f3n de las conductas que los vulneran.<\/p>\n<p>Sanciones penales contra el desmonte y la tala de \u00e1rboles<\/p>\n<p>En una segunda mesa, se abord\u00f3 la propuesta de reforma a la misma norma legal que tiene como finalidad calificar como delito el desmonte, derribo o tala de \u00e1rboles y la destrucci\u00f3n de la vegetaci\u00f3n, siempre y cuando se realicen en zonas urbanas o en zonas de jurisdicci\u00f3n estatal o municipal.<\/p>\n<p>El congresista resalt\u00f3 que ese tipo de delitos ya se encuentran tipificados en otros estados, y que se pretende precisar que, a quien desmonte o destruya la vegetaci\u00f3n forestal; corte, arranque, derribe o tale alg\u00fan o algunos \u00e1rboles, se le impondr\u00e1 pena de uno a ocho a\u00f1os de prisi\u00f3n y multa de cien a tres mil veces el valor diario de la Unidad de Medida y Actualizaci\u00f3n vigente, siempre que dichas actividades se realicen en zonas urbanas o en zonas de jurisdicci\u00f3n estatal.<\/p>\n<p>Los participantes expresaron que existe reserva en cuanto al planteamiento, particularmente respecto a temas como el principio de la ultima ratio y la taxatividad de la norma penal; mientras que la legisladora Susana Berm\u00fadez Cano manifest\u00f3 que el C\u00f3digo Penal ya habla sobre delitos contra el ambiente y delitos contra la preservaci\u00f3n del ambiente.<\/p>\n","protected":false},"excerpt":{"rendered":"<p>Guanajuato, Gto 28 enero 2026. \u2013 Con el objeto de analizar dos iniciativas de reforma al C\u00f3digo Penal, la Comisi\u00f3n de Justicia convoc\u00f3 a mesas de trabajo. Inter\u00e9s superior de la ni\u00f1ez En primera instancia se analiz\u00f3 una iniciativa en materia de inter\u00e9s superior de la ni\u00f1ez, que busca adicionar [&hellip;]<\/p>\n","protected":false},"author":1,"featured_media":15178,"comment_status":"open","ping_status":"open","sticky":false,"template":"","format":"standard","meta":[],"categories":[7],"tags":[],"_links":{"self":[{"href":"https:\/\/inforedguanajuato.com\/index.php?rest_route=\/wp\/v2\/posts\/15177"}],"collection":[{"href":"https:\/\/inforedguanajuato.com\/index.php?rest_route=\/wp\/v2\/posts"}],"about":[{"href":"https:\/\/inforedguanajuato.com\/index.php?rest_route=\/wp\/v2\/types\/post"}],"author":[{"embeddable":true,"href":"https:\/\/inforedguanajuato.com\/index.php?rest_route=\/wp\/v2\/users\/1"}],"replies":[{"embeddable":true,"href":"https:\/\/inforedguanajuato.com\/index.php?rest_route=%2Fwp%2Fv2%2Fcomments&post=15177"}],"version-history":[{"count":1,"href":"https:\/\/inforedguanajuato.com\/index.php?rest_route=\/wp\/v2\/posts\/15177\/revisions"}],"predecessor-version":[{"id":15179,"href":"https:\/\/inforedguanajuato.com\/index.php?rest_route=\/wp\/v2\/posts\/15177\/revisions\/15179"}],"wp:featuredmedia":[{"embeddable":true,"href":"https:\/\/inforedguanajuato.com\/index.php?rest_route=\/wp\/v2\/media\/15178"}],"wp:attachment":[{"href":"https:\/\/inforedguanajuato.com\/index.php?rest_route=%2Fwp%2Fv2%2Fmedia&parent=15177"}],"wp:term":[{"taxonomy":"category","embeddable":true,"href":"https:\/\/inforedguanajuato.com\/index.php?rest_route=%2Fwp%2Fv2%2Fcategories&post=15177"},{"taxonomy":"post_tag","embeddable":true,"href":"https:\/\/inforedguanajuato.com\/index.php?rest_route=%2Fwp%2Fv2%2Ftags&post=15177"}],"curies":[{"name":"wp","href":"https:\/\/api.w.org\/{rel}","templated":true}]}}