{"id":16117,"date":"2026-09-02T10:42:44","date_gmt":"2026-09-02T15:42:44","guid":{"rendered":"https:\/\/inforedguanajuato.com\/?p=16117"},"modified":"2026-09-02T10:42:47","modified_gmt":"2026-09-02T15:42:47","slug":"por-primera-vez-acude-el-fiscal-general-del-estado-al-congreso-sin-que-se-le-haya-invitado-pero-acude-a-presentar-iniciativa-de-ley-en-materia-de-delincuencia-organizada","status":"publish","type":"post","link":"https:\/\/inforedguanajuato.com\/?p=16117","title":{"rendered":"POR PRIMERA VEZ ACUDE EL FISCAL GENERAL DEL ESTADO AL CONGRESO SIN QUE SE LE HAYA INVITADO, PERO ACUDE A PRESENTAR INICIATIVA DE LEY EN MATERIA DE DELINCUENCIA ORGANIZADA."},"content":{"rendered":"<p>Guanajuato, Gto 1 septiembre 2026. \u2013  La Comisi\u00f3n de Gobernaci\u00f3n y Puntos Constitucionales llev\u00f3 a cabo una mesa de trabajo para analizar una iniciativa de reforma a la Constituci\u00f3n Pol\u00edtica de los Estados Unidos Mexicanos con el objetivo de fortalecer las capacidades institucionales para la investigaci\u00f3n y persecuci\u00f3n de los delitos vinculados con la delincuencia organizada.<\/p>\n<p>La propuesta busca fortalecer la coordinaci\u00f3n entre las instituciones encargadas de la investigaci\u00f3n y persecuci\u00f3n de los delitos, as\u00ed como dotar de mayores herramientas jur\u00eddicas a las autoridades competentes para enfrentar de manera m\u00e1s efectiva a las organizaciones criminales.<\/p>\n<p>Gerardo V\u00e1zquez Alatriste, fiscal general, manifest\u00f3 que se est\u00e1 abordando uno de los temas m\u00e1s importantes en la actualidad en el \u00e1mbito jur\u00eddico penal. Apunt\u00f3 que la propuesta busca transitar a un trabajo colaborativo<\/p>\n<p>Afirm\u00f3 que, desde su experiencia, han visto que las instituciones de la federaci\u00f3n no cuentan con capacidad de respuesta en relaci\u00f3n con el total de la demanda del delito de delincuencia organizada, en virtud de sus estados de fuerza para atender ese flagelo y no por falta de eficacia.<\/p>\n<p>A\u00f1adi\u00f3 que las instituciones procuradoras de justicia pueden sumarse de manera v\u00e1lida y que se trata de contar con m\u00e1s manos para atender el problema. \u201cResulta de facto y jur\u00eddicamente posible construir casos de esta envergadura, m\u00e1s a\u00fan porque nuestro \u00e1mbito competencial guarda contacto directo y permanente con delitos relacionados con la actividad delincuencial de las estructuras criminales que operan en Guanajuato\u201d, enfatiz\u00f3.<\/p>\n<p>El fiscal general subray\u00f3 que se propone que en la pr\u00e1ctica, tal como acontece en este momento en el \u00e1mbito federal, cuando una Fiscal\u00eda o Procuradur\u00eda estatal inicie una carpeta de investigaci\u00f3n por delincuencia organizada y\/o delitos conexos a ella, informe a la Fiscal\u00eda Especializada en Materia de Delincuencia Organizada y \u00e9sta a su vez, acorde a sus directrices de pol\u00edtica criminal y\/o inter\u00e9s institucional determine o no, ejercer la facultad de atracci\u00f3n, ello adem\u00e1s, permitir\u00e1, dijo, que es Fiscal\u00eda Especializada y por ende la Fiscal\u00eda General de la Rep\u00fablica tenga conocimiento y control directo de todo lo que acontece en ese rubro en el pa\u00eds.<\/p>\n<p>Finalmente, puntualiz\u00f3 que consideraba viable y positiva la iniciativa para los efectos del fortalecimiento del Estado de Derecho y el combate m\u00e1s eficiente y eficaz a todas las estructuras criminales, sin distinci\u00f3n<\/p>\n<p>La representante de la Consejer\u00eda Jur\u00eddica coment\u00f3 que la propuesta permitir\u00e1 incidir en la protecci\u00f3n de actividades productivas propias de determinadas regiones, cuando desde el orden federal, una fiscal\u00eda especializada con sede en la Ciudad de M\u00e9xico genera complicaci\u00f3n que pueda atender las diversas modalidades de la delincuencia organizada que se dan en toda la rep\u00fablica.<\/p>\n<p>Remarc\u00f3 que la propuesta busca establecer competencias de concurrencia con la finalidad de colaborar en el combate a la delincuencia organizada y transitar hacia un modelo de concurrencia, coordinaci\u00f3n y colaboraci\u00f3n interinstitucional, en el que las autoridades federales y estatales puedan intervenir de manera articulada, conforme a las bases que determine la legislaci\u00f3n nacional correspondiente.<\/p>\n<p>Agreg\u00f3 que no se plantea la desaparici\u00f3n de las atribuciones federales en la materia, por el contrario, expresamente contempla la permanencia de la intervenci\u00f3n federal y de su facultad de atracci\u00f3n en aquellos asuntos que, por su impacto nacional o transnacional, as\u00ed lo ameriten.<\/p>\n<p>Subray\u00f3 que se propone un modelo de federalismo cooperativo en materia de seguridad y justicia con un enfoque humanista, sin apartarse de los presupuestos federales, permitiendo que las autoridades locales puedan investigar, perseguir, procesar, sancionar y cumplir con la ejecuci\u00f3n de las penas, por los delitos cometidos por alguna persona que forme parte de la delincuencia organizada, cuando estos se cometan dentro de su territorio o afecten directamente su orden p\u00fablico.<\/p>\n<p>Finalmente, precis\u00f3 que la iniciativa tiene por prop\u00f3sito desahogar las cargas de trabajo de la Fiscal\u00eda General de Rep\u00fablica en la investigaci\u00f3n de delitos relacionados con delincuencia organizada y que se advierten desaf\u00edos que impactan para la creaci\u00f3n de juzgados y unidades especializadas en los estados, y un presupuesto amplio para la protecci\u00f3n de jueces, fiscales y testigos contra la corrupci\u00f3n o represalias criminales; y la creaci\u00f3n de la Ley de la materia para distribuir la competencia de manera concurrente y la coordinaci\u00f3n de las autoridades federales y estatales para intervenir ejercer simult\u00e1neamente<\/p>\n<p>El diputado David Mart\u00ednez Mendiz\u00e1bal indic\u00f3 que son bienvenidas la cooperaci\u00f3n y la articulaci\u00f3n de todo lo que sea en funci\u00f3n del bienestar de M\u00e9xico, de las v\u00edctimas, de la seguridad y de la justicia. Resalt\u00f3 que siempre estar\u00e1n pendientes del combate a la delincuencia organizada y que toda reestructuraci\u00f3n organizacional ser\u00e1 siempre bien recibida.<\/p>\n<p>Sin embargo, precis\u00f3 que no puede dejarse en manos de las fiscal\u00edas locales que no tienen la especializaci\u00f3n y se refiri\u00f3 a algunos errores en la labor de la fiscal\u00eda. Adem\u00e1s, enfatiz\u00f3 que la fiscal\u00eda local ya tiene saturada su capacidad con los tipos penales actuales, que no ha podido judicializar todos los casos, por lo que no estaba a favor de difuminar la especialidad de lo que ya se tiene a nivel federal.<\/p>\n<p>Por su parte, la congresista Susana Berm\u00fadez Cano manifest\u00f3 que hay una necesidad no solo en Guanajuato sino a nivel nacional de pacificar el territorio. Apunt\u00f3 que la delincuencia organizada por s\u00ed sola impacta en diversos delitos, que hay acciones que ya se realizan, que no se tiene por qu\u00e9 justificar una necesidad de coordinaci\u00f3n, que la Federaci\u00f3n ha centralizado muchas cosas, que actualmente la necesidad es urgente y que aportar algo desde lo local a lo nacional llevar\u00e1 a demostrar una capacidad de reacci\u00f3n.<\/p>\n<p>Finalmente, el legislador Juan Carlos Romero Hicks se\u00f1al\u00f3 que se modificar\u00edan cuatro art\u00edculos de la Carta Magna y que se requiere incrementar la capacidad de escucha porque es un asunto en el que no se ha logrado tener los resultados deseados, por lo que se requiere la cooperaci\u00f3n.<\/p>\n<p>Mencion\u00f3 que la delincuencia organizada era \u201cjabonosa\u201d y a veces la configuraci\u00f3n y la prueba plena del delito eran opinables seg\u00fan la carga de la prueba, por lo que estaban entrando a un asunto muy sensible.<\/p>\n<p>Afirm\u00f3 que el federalismo se trata de que la autoridad m\u00e1s pr\u00f3xima sea la que puede ir contribuyendo al orden y a la civilidad. Agreg\u00f3 que los pa\u00edses que han tenido \u00e9xito en el tema de seguridad han hecho tres cosas: la primera, entender que la seguridad se construye; no hay que combatir la inseguridad sino construir la seguridad; segundo, se requieren las colaboraciones de los tres \u00f3rdenes de gobierno y de los tres poderes; y tercero, lo insustituible, que es la participaci\u00f3n ciudadana.<\/p>\n","protected":false},"excerpt":{"rendered":"<p>Guanajuato, Gto 1 septiembre 2026. \u2013 La Comisi\u00f3n de Gobernaci\u00f3n y Puntos Constitucionales llev\u00f3 a cabo una mesa de trabajo para analizar una iniciativa de reforma a la Constituci\u00f3n Pol\u00edtica de los Estados Unidos Mexicanos con el objetivo de fortalecer las capacidades institucionales para la investigaci\u00f3n y persecuci\u00f3n de los [&hellip;]<\/p>\n","protected":false},"author":1,"featured_media":16118,"comment_status":"open","ping_status":"open","sticky":false,"template":"","format":"standard","meta":[],"categories":[7],"tags":[],"_links":{"self":[{"href":"https:\/\/inforedguanajuato.com\/index.php?rest_route=\/wp\/v2\/posts\/16117"}],"collection":[{"href":"https:\/\/inforedguanajuato.com\/index.php?rest_route=\/wp\/v2\/posts"}],"about":[{"href":"https:\/\/inforedguanajuato.com\/index.php?rest_route=\/wp\/v2\/types\/post"}],"author":[{"embeddable":true,"href":"https:\/\/inforedguanajuato.com\/index.php?rest_route=\/wp\/v2\/users\/1"}],"replies":[{"embeddable":true,"href":"https:\/\/inforedguanajuato.com\/index.php?rest_route=%2Fwp%2Fv2%2Fcomments&post=16117"}],"version-history":[{"count":1,"href":"https:\/\/inforedguanajuato.com\/index.php?rest_route=\/wp\/v2\/posts\/16117\/revisions"}],"predecessor-version":[{"id":16119,"href":"https:\/\/inforedguanajuato.com\/index.php?rest_route=\/wp\/v2\/posts\/16117\/revisions\/16119"}],"wp:featuredmedia":[{"embeddable":true,"href":"https:\/\/inforedguanajuato.com\/index.php?rest_route=\/wp\/v2\/media\/16118"}],"wp:attachment":[{"href":"https:\/\/inforedguanajuato.com\/index.php?rest_route=%2Fwp%2Fv2%2Fmedia&parent=16117"}],"wp:term":[{"taxonomy":"category","embeddable":true,"href":"https:\/\/inforedguanajuato.com\/index.php?rest_route=%2Fwp%2Fv2%2Fcategories&post=16117"},{"taxonomy":"post_tag","embeddable":true,"href":"https:\/\/inforedguanajuato.com\/index.php?rest_route=%2Fwp%2Fv2%2Ftags&post=16117"}],"curies":[{"name":"wp","href":"https:\/\/api.w.org\/{rel}","templated":true}]}}