{"id":16120,"date":"2026-09-02T10:45:09","date_gmt":"2026-09-02T15:45:09","guid":{"rendered":"https:\/\/inforedguanajuato.com\/?p=16120"},"modified":"2026-09-02T10:45:12","modified_gmt":"2026-09-02T15:45:12","slug":"mas-de-mil-109-jovenes-se-integran-a-la-ug-a-traves-del-programa-de-atraccion-de-talentos","status":"publish","type":"post","link":"https:\/\/inforedguanajuato.com\/?p=16120","title":{"rendered":"M\u00c1S DE MIL 109 J\u00d3VENES SE INTEGRAN A LA UG A TRAV\u00c9S DEL PROGRAMA DE ATRACCI\u00d3N DE TALENTOS."},"content":{"rendered":"<p>Guanajuato, Gto., a 01 de septiembre de 2026.- Fomentar el desarrollo de las capacidades humanas con un sentido de excelencia y justicia social es uno de los principios que rigen el Programa de Atracci\u00f3n de Talentos (PRAT) de la Universidad de Guanajuato (UG), el cual dio la bienvenida a la segunda generaci\u00f3n de nivel licenciatura y a la primera de nivel medio superior.<br \/>\nEn esta ocasi\u00f3n, se integran mil 109 nuevas &#8220;abejas&#8221;: 450 en las Escuelas de Nivel Medio Superior (ENMS) y 659 en los cuatro campus universitarios. Entre ellas se encuentran j\u00f3venes provenientes de 41 municipios del estado, gracias a la colaboraci\u00f3n con la Comisi\u00f3n Estatal para la Planeaci\u00f3n y Programaci\u00f3n de la Educaci\u00f3n Media Superior de la Secretar\u00eda de Educaci\u00f3n de Guanajuato, lo que posiciona a la UG como un referente estatal y nacional en materia de inclusi\u00f3n y equidad.<br \/>\nLa Rectora General de la UG, Dra. Claudia Susana G\u00f3mez L\u00f3pez, dio la bienvenida a las y los talentos, y celebr\u00f3 el alcance del PRAT en todas las sedes universitarias, as\u00ed como la importancia de impulsar nuevas v\u00edas de acceso a la educaci\u00f3n superior, adem\u00e1s del sistema tradicional basado en un examen \u00fanico de admisi\u00f3n.<br \/>\n&#8220;La educaci\u00f3n disminuye desigualdades&#8221;, afirm\u00f3 la Dra. G\u00f3mez L\u00f3pez al se\u00f1alar que, de acuerdo con diversas estad\u00edsticas, M\u00e9xico es uno de los pa\u00edses m\u00e1s desiguales del mundo y que las limitaciones educativas est\u00e1n presentes en casi todas las familias. En este sentido, destac\u00f3 que los programas de equidad de la UG representan importantes avances, iniciados a\u00f1os atr\u00e1s con el pase regulado desde el nivel medio superior; posteriormente, con la equidad regional; despu\u00e9s, con la equidad urbana; y ahora, con la atracci\u00f3n de talentos, programa que no solo facilita el acceso al reconocer las trayectorias sobresalientes, sino que tambi\u00e9n brinda apoyos econ\u00f3micos a quienes enfrentan condiciones de vulnerabilidad.<\/p>\n<p>&#8220;El com\u00fan denominador es el talento: si encuentras en el arte la posibilidad de expresar, de transformar, de solucionar un problema social; si eres un talento deportivo; si tienes una trayectoria acad\u00e9mica destacada o la imaginaci\u00f3n para innovar y crear un mundo distinto. Ese es el tipo de personas que queremos, pues nuestra Universidad vale por quienes la integran, y t\u00fa eres parte de ella. La UG es tu camino; aprovecha esta oportunidad, te la mereces y es tuya&#8221;, expres\u00f3.<br \/>\nEsmeralda Mata Montes, integrante de la primera generaci\u00f3n del PRAT, originaria de la comunidad de Puerto de Palmas, en el municipio de Victoria, y estudiante del tercer semestre de la Licenciatura en Enfermer\u00eda y Obstetricia en la sede Tierra Blanca, alent\u00f3 a las nuevas &#8220;abejas&#8221; a aprovechar todos los servicios y oportunidades que la UG pone a su alcance, a confiar en que su potencial puede transformar su entorno y a honrar, con esfuerzo, responsabilidad y dedicaci\u00f3n, el privilegio de formar parte de &#8220;la Colmena&#8221;, mientras cumplen sus sue\u00f1os e inspiran a m\u00e1s personas.<br \/>\nEn el evento tambi\u00e9n participaron el Director de Articulaci\u00f3n Institucional de la Secretar\u00eda de Educaci\u00f3n de Guanajuato, Ing. Miguel \u00c1ngel Gonz\u00e1lez M\u00e1rquez, y el Coordinador de los Programas de Equidad e Inclusi\u00f3n de la UG, Dr. Juan Carlos Soto Pati\u00f1o, acompa\u00f1ados por autoridades universitarias de las secretar\u00edas, los campus, el Colegio del Nivel Medio Superior y diversas direcciones institucionales.<br \/>\nCimentar sue\u00f1os posibles<br \/>\nMariana Jim\u00e9nez Serna, estudiante de la ENMS Morole\u00f3n, quien aspira a convertirse en abogada, se ha formado como taekwando\u00edna desde los cinco a\u00f1os de edad y ha logrado m\u00faltiples campeonatos nacionales.<br \/>\nDesde su experiencia, combinar una trayectoria deportiva de excelencia con el desempe\u00f1o acad\u00e9mico implica grandes exigencias. &#8220;No puedes fallar en ninguna de las dos y necesitas mantener un balance; a veces tienes que dejar de lado actividades que tambi\u00e9n son importantes. Participar en el PRAT me permitir\u00e1 realizar muchas de ellas. (&#8230;) Aunque parezca complicado, hay que perseverar, porque eso te lleva lejos&#8221;, comparti\u00f3.<\/p>\n<p>Igualmente, Aar\u00f3n P\u00e9rez Garc\u00eda y Juan Pablo S\u00e1nchez Reza, estudiantes de la ENMS Celaya, quienes han sido seleccionados por una prestigiosa academia de b\u00e9isbol y por el equipo estatal de h\u00e1ndbol, respectivamente, comparten el sue\u00f1o de seguir fortaleciendo sus talentos con el impulso que representa esta oportunidad acad\u00e9mica.<br \/>\nAar\u00f3n se dijo feliz de poder combinar dos de sus grandes pasiones y prepararse para convertirse en ingeniero agr\u00f3nomo, con una formaci\u00f3n que complemente sus estudios en otras instituciones de prestigio. Para Juan Pablo, el apoyo econ\u00f3mico que recibir\u00e1 le permitir\u00e1 continuar su formaci\u00f3n acad\u00e9mica mientras participa en nuevas experiencias y proyectos que abrir\u00e1n puertas para su desarrollo personal y profesional, tal como ha sucedido con el deporte.<br \/>\nLa siguiente convocatoria del Programa de Atracci\u00f3n de Talentos de la UG se emitir\u00e1 a principios de 2027 para el ingreso correspondiente al mes de agosto de ese mismo a\u00f1o.<\/p>\n","protected":false},"excerpt":{"rendered":"<p>Guanajuato, Gto., a 01 de septiembre de 2026.- Fomentar el desarrollo de las capacidades humanas con un sentido de excelencia y justicia social es uno de los principios que rigen el Programa de Atracci\u00f3n de Talentos (PRAT) de la Universidad de Guanajuato (UG), el cual dio la bienvenida a la [&hellip;]<\/p>\n","protected":false},"author":1,"featured_media":16121,"comment_status":"open","ping_status":"open","sticky":false,"template":"","format":"standard","meta":[],"categories":[7],"tags":[],"_links":{"self":[{"href":"https:\/\/inforedguanajuato.com\/index.php?rest_route=\/wp\/v2\/posts\/16120"}],"collection":[{"href":"https:\/\/inforedguanajuato.com\/index.php?rest_route=\/wp\/v2\/posts"}],"about":[{"href":"https:\/\/inforedguanajuato.com\/index.php?rest_route=\/wp\/v2\/types\/post"}],"author":[{"embeddable":true,"href":"https:\/\/inforedguanajuato.com\/index.php?rest_route=\/wp\/v2\/users\/1"}],"replies":[{"embeddable":true,"href":"https:\/\/inforedguanajuato.com\/index.php?rest_route=%2Fwp%2Fv2%2Fcomments&post=16120"}],"version-history":[{"count":1,"href":"https:\/\/inforedguanajuato.com\/index.php?rest_route=\/wp\/v2\/posts\/16120\/revisions"}],"predecessor-version":[{"id":16122,"href":"https:\/\/inforedguanajuato.com\/index.php?rest_route=\/wp\/v2\/posts\/16120\/revisions\/16122"}],"wp:featuredmedia":[{"embeddable":true,"href":"https:\/\/inforedguanajuato.com\/index.php?rest_route=\/wp\/v2\/media\/16121"}],"wp:attachment":[{"href":"https:\/\/inforedguanajuato.com\/index.php?rest_route=%2Fwp%2Fv2%2Fmedia&parent=16120"}],"wp:term":[{"taxonomy":"category","embeddable":true,"href":"https:\/\/inforedguanajuato.com\/index.php?rest_route=%2Fwp%2Fv2%2Fcategories&post=16120"},{"taxonomy":"post_tag","embeddable":true,"href":"https:\/\/inforedguanajuato.com\/index.php?rest_route=%2Fwp%2Fv2%2Ftags&post=16120"}],"curies":[{"name":"wp","href":"https:\/\/api.w.org\/{rel}","templated":true}]}}