{"id":1660,"date":"2020-02-10T23:44:46","date_gmt":"2020-02-11T04:44:46","guid":{"rendered":"http:\/\/inforedguanajuato.com\/?p=1660"},"modified":"2020-02-10T23:50:55","modified_gmt":"2020-02-11T04:50:55","slug":"hoy-no-son-tiempos-electorales-sino-de-trabajo-y-compromiso-con-los-migrantes-alejandro-moreno","status":"publish","type":"post","link":"https:\/\/inforedguanajuato.com\/?p=1660","title":{"rendered":"HOY NO SON TIEMPOS ELECTORALES, SINO DE TRABAJO Y COMPROMISO CON LOS MIGRANTES: ALEJANDRO MORENO."},"content":{"rendered":"<p><!--more--><\/p>\n<p>Chicago, Illinois, Estados Unidos de Am\u00e9rica, 10 de febrero de 2020.- En su segundo d\u00eda de actividades en Chicago, Illinois, en el marco de su gira de trabajo por los Estados Unidos de Am\u00e9rica, Alejandro Moreno, Presidente del Comit\u00e9 Ejecutivo Nacional (CEN) del Partido Revolucionario Institucional (PRI) y de la COPPPAL, sostuvo un encuentro con Oficiales Electos de origen hispano de diferentes condados, a quienes asegur\u00f3 que hoy no son tiempos electorales, sino de trabajo y de compromiso con los migrantes.<\/p>\n<p>\u201cHoy no son tiempos electorales, hoy son tiempos de trabajo\u201d, remarc\u00f3, al tiempo de se\u00f1alar que el PRI construye una agenda comprometida con los migrantes mexicanos, para apoyarlos en sus tr\u00e1mites, evitar que se les criminalice y respaldarlos desde nuestros Congresos.<\/p>\n<p>Estamos estrechando lazos, explic\u00f3, para tener una mayor capacidad de gesti\u00f3n; necesitamos que los Consulados trabajen al m\u00e1ximo y queremos una pol\u00edtica de Estado que vaya enfocada a apoyar y a respaldar a nuestros hermanos migrantes, puntualiz\u00f3.<\/p>\n<p>En compa\u00f1\u00eda de Blanca Alcal\u00e1 Ruiz, Secretaria de Asuntos Migratorios del CEN, Alejandro Moreno sostuvo que \u201cno es un logro del gobierno que haya m\u00e1s remesas, es un logro del esfuerzo y del trabajo de nuestros hermanos migrantes, que env\u00edan los recursos a nuestro pa\u00eds, a sus familias y que hacen un enorme sacrificio\u201d.<\/p>\n<p>En este sentido, cuestion\u00f3 la desaparici\u00f3n del Programa 3X1 Migrantes, que era un programa fundamental, donde mexicanos de diversas entidades federativas, como Michoac\u00e1n, aportaban para la infraestructura de sus comunidades.<\/p>\n<p>En el encuentro con Oficiales Electos de origen hispano particip\u00f3 Byron Sigcho L\u00f3pez, Concejal del Distrito 25 de Chicago, maestro e investigador de pol\u00edticas p\u00fablicas en la Universidad de Illinois y ex Director de la organizaci\u00f3n Pilsen Alliance, enfocada en justicia social para comunidades migrantes en el sector de Lower West.<\/p>\n<p>Tambi\u00e9n estuvieron presentes George C\u00e1rdenas, Concejal del Distrito 12 de Chicago, quien ha sido apoyado por la Organizaci\u00f3n Hispana Democr\u00e1tica y est\u00e1 comprometido en mejorar la calidad de vida de los residentes; Antonio S\u00e1nchez, Concejal Electo de Maywood, quien ha ocupado cargos en los distritos escolares; y Markus Pitchford, Director de Asuntos Externos en Waukegan, Illinois, quien lidera los esfuerzos en materia de pol\u00edticas p\u00fablicas del alcalde local.<\/p>\n<p><strong>AGENDA DE ACTIVIDADES EN NUEVA YORK<\/strong><\/p>\n<p>Luego de iniciar el viernes pasado en Los \u00c1ngeles, California, una intensa gira de trabajo por la Uni\u00f3n Americana, y despu\u00e9s de realizar actividades en Chicago, Illinois, el Presidente del CEN del PRI y de la COPPPAL, Alejandro Moreno, cerrar\u00e1 su periplo ma\u00f1ana martes, en Nueva York.<\/p>\n<p>Por separado, sostendr\u00e1 reuniones con miembros de la C\u00e1mara de Comercio M\u00e9xico-Estados Unidos, y del Consejo de las Am\u00e9ricas. Asimismo, montar\u00e1 una guardia de honor en el Monumento a Benito Ju\u00e1rez, y dialogar\u00e1 con l\u00edderes e integrantes de comunidades migrantes mexicanas.<\/p>\n","protected":false},"excerpt":{"rendered":"","protected":false},"author":1,"featured_media":1661,"comment_status":"open","ping_status":"open","sticky":false,"template":"","format":"standard","meta":[],"categories":[1],"tags":[],"_links":{"self":[{"href":"https:\/\/inforedguanajuato.com\/index.php?rest_route=\/wp\/v2\/posts\/1660"}],"collection":[{"href":"https:\/\/inforedguanajuato.com\/index.php?rest_route=\/wp\/v2\/posts"}],"about":[{"href":"https:\/\/inforedguanajuato.com\/index.php?rest_route=\/wp\/v2\/types\/post"}],"author":[{"embeddable":true,"href":"https:\/\/inforedguanajuato.com\/index.php?rest_route=\/wp\/v2\/users\/1"}],"replies":[{"embeddable":true,"href":"https:\/\/inforedguanajuato.com\/index.php?rest_route=%2Fwp%2Fv2%2Fcomments&post=1660"}],"version-history":[{"count":1,"href":"https:\/\/inforedguanajuato.com\/index.php?rest_route=\/wp\/v2\/posts\/1660\/revisions"}],"predecessor-version":[{"id":1662,"href":"https:\/\/inforedguanajuato.com\/index.php?rest_route=\/wp\/v2\/posts\/1660\/revisions\/1662"}],"wp:featuredmedia":[{"embeddable":true,"href":"https:\/\/inforedguanajuato.com\/index.php?rest_route=\/wp\/v2\/media\/1661"}],"wp:attachment":[{"href":"https:\/\/inforedguanajuato.com\/index.php?rest_route=%2Fwp%2Fv2%2Fmedia&parent=1660"}],"wp:term":[{"taxonomy":"category","embeddable":true,"href":"https:\/\/inforedguanajuato.com\/index.php?rest_route=%2Fwp%2Fv2%2Fcategories&post=1660"},{"taxonomy":"post_tag","embeddable":true,"href":"https:\/\/inforedguanajuato.com\/index.php?rest_route=%2Fwp%2Fv2%2Ftags&post=1660"}],"curies":[{"name":"wp","href":"https:\/\/api.w.org\/{rel}","templated":true}]}}