{"id":1696,"date":"2020-02-12T22:53:15","date_gmt":"2020-02-13T03:53:15","guid":{"rendered":"http:\/\/inforedguanajuato.com\/?p=1696"},"modified":"2020-02-12T22:53:15","modified_gmt":"2020-02-13T03:53:15","slug":"ampliaran-programa-de-reconstruccion-del-tejido-social-en-2020-fue-presentado-el-primer-informe","status":"publish","type":"post","link":"https:\/\/inforedguanajuato.com\/?p=1696","title":{"rendered":"AMPLIAR\u00c1N PROGRAMA DE RECONSTRUCCI\u00d3N DEL TEJIDO SOCIAL EN 2020; FUE PRESENTADO EL PRIMER INFORME."},"content":{"rendered":"<p><!--more--><\/p>\n<p>Guanajuato, Gto.; 12 de febrero de 2020.\u2013\u00a0El programa para la Reconstrucci\u00f3n del Tejido Social (RTS), creado con el objetivo de fomentar la uni\u00f3n familiar y la participaci\u00f3n comunitaria en Guanajuato Capital, ampliar\u00e1 sus alcances en este a\u00f1o, inform\u00f3 la regidora Cecilia P\u00f6hls Covarrubias.<\/p>\n<p>Durante el 2019, el programa se despleg\u00f3 en Divino Preso, Cata, Mellado y Valenciana, donde se realizaron actividades orientadas a sensibilizar a los vecinos, comprender las causas de la fragmentaci\u00f3n social y aprender a escuchar y expresar diversas percepciones en c\u00edrculos de reencuentro.<\/p>\n<p>La regidora Cecilia P\u00f6hls, quien impulsa el programa con el apoyo del Honorable Ayuntamiento que preside el alcalde Alejandro Navarro, dijo que el programa RTS tambi\u00e9n abarc\u00f3 planteles educativos ubicados en los primeros cuatro focos de intervenci\u00f3n y la Academia de Polic\u00eda de la Secretar\u00eda de Seguridad Ciudadana, rescatando espacios p\u00fablicos, narrativas personales y conexiones con los dem\u00e1s, tres aspectos fundamentales para iniciar el proceso transformacional.<\/p>\n<p>Al rendirse el primer informe del programa, el equipo dirigido por Nelson Garc\u00eda Gonz\u00e1lez indic\u00f3 que las etapas de sensibilizaci\u00f3n, comprensi\u00f3n y reencuentro ya concluyeron y ahora se abocan a la etapa de la transformaci\u00f3n del entorno, extendi\u00e9ndose a otros puntos de la ciudad, como El Encino y El Ed\u00e9n.<\/p>\n","protected":false},"excerpt":{"rendered":"","protected":false},"author":1,"featured_media":1697,"comment_status":"open","ping_status":"open","sticky":false,"template":"","format":"standard","meta":[],"categories":[3],"tags":[],"_links":{"self":[{"href":"https:\/\/inforedguanajuato.com\/index.php?rest_route=\/wp\/v2\/posts\/1696"}],"collection":[{"href":"https:\/\/inforedguanajuato.com\/index.php?rest_route=\/wp\/v2\/posts"}],"about":[{"href":"https:\/\/inforedguanajuato.com\/index.php?rest_route=\/wp\/v2\/types\/post"}],"author":[{"embeddable":true,"href":"https:\/\/inforedguanajuato.com\/index.php?rest_route=\/wp\/v2\/users\/1"}],"replies":[{"embeddable":true,"href":"https:\/\/inforedguanajuato.com\/index.php?rest_route=%2Fwp%2Fv2%2Fcomments&post=1696"}],"version-history":[{"count":1,"href":"https:\/\/inforedguanajuato.com\/index.php?rest_route=\/wp\/v2\/posts\/1696\/revisions"}],"predecessor-version":[{"id":1698,"href":"https:\/\/inforedguanajuato.com\/index.php?rest_route=\/wp\/v2\/posts\/1696\/revisions\/1698"}],"wp:featuredmedia":[{"embeddable":true,"href":"https:\/\/inforedguanajuato.com\/index.php?rest_route=\/wp\/v2\/media\/1697"}],"wp:attachment":[{"href":"https:\/\/inforedguanajuato.com\/index.php?rest_route=%2Fwp%2Fv2%2Fmedia&parent=1696"}],"wp:term":[{"taxonomy":"category","embeddable":true,"href":"https:\/\/inforedguanajuato.com\/index.php?rest_route=%2Fwp%2Fv2%2Fcategories&post=1696"},{"taxonomy":"post_tag","embeddable":true,"href":"https:\/\/inforedguanajuato.com\/index.php?rest_route=%2Fwp%2Fv2%2Ftags&post=1696"}],"curies":[{"name":"wp","href":"https:\/\/api.w.org\/{rel}","templated":true}]}}