{"id":1851,"date":"2020-03-01T22:02:12","date_gmt":"2020-03-02T03:02:12","guid":{"rendered":"http:\/\/inforedguanajuato.com\/?p=1851"},"modified":"2020-03-01T22:02:12","modified_gmt":"2020-03-02T03:02:12","slug":"designa-consejo-general-del-ieeg-a-titulares-de-secretaria-ejecutiva-y-direccion-de-cultura-politica-y-electoral","status":"publish","type":"post","link":"https:\/\/inforedguanajuato.com\/?p=1851","title":{"rendered":"DESIGNA CONSEJO GENERAL DEL IEEG A TITULARES DE  SECRETAR\u00cdA EJECUTIVA Y DIRECCI\u00d3N DE CULTURA POL\u00cdTICA Y ELECTORAL"},"content":{"rendered":"<p><!--more--><\/p>\n<p>Guanajuato Gto 28 de febrero del 2020.-El Instituto Electoral del Estado de Guanajuato (IEEG) en sesi\u00f3n ordinaria del Consejo General aprob\u00f3 la designaci\u00f3n de B\u00e1rbara Teresa Navarro Garc\u00eda como titular de la Secretar\u00eda Ejecutiva, quien es licenciada en Derecho por la Universidad de Guanajuato (UG).<\/p>\n<p>Cuenta con experiencia en materia electoral al haberse desempe\u00f1ado, como titular de la Secretar\u00eda Ejecutiva en el instituto desde diciembre de 2017 a diciembre de 2018; aunado a que desde febrero de 2009 a octubre de 2014 se desempe\u00f1\u00f3 como titular de la Direcci\u00f3n del Servicio Profesional Electoral en este Instituto Electoral; y de noviembre de 2008 a febrero de 2009 fungi\u00f3 como jefa de administraci\u00f3n presupuestal y control patrimonial de este instituto.<\/p>\n<p>En otro punto de la orden del d\u00eda se aprob\u00f3 la designaci\u00f3n de Luis Gabriel Mota como titular de la Direcci\u00f3n de Cultura Pol\u00edtica y Electoral, quien es licenciado en Ciencias Pol\u00edticas y Administraci\u00f3n P\u00fablica por la Universidad Nacional Aut\u00f3noma de M\u00e9xico (UNAM).<\/p>\n<p>Cuenta con experiencia en materia electoral ya que del 16 de mayo de 2019 hasta el 26 de febrero de 2020 fungi\u00f3 como titular de la Secretar\u00eda Ejecutiva de este instituto, en tanto que desde diciembre de 2018 a mayo de 2019 se desempe\u00f1\u00f3 como encargado de despacho de la citada Secretar\u00eda Ejecutiva. Asimismo, fue titular de la Direcci\u00f3n de Cultura Pol\u00edtica y Electoral \u2013 as\u00ed como secretario t\u00e9cnico de las comisiones de Vinculaci\u00f3n, Cultura Pol\u00edtica y Electoral y de la Temporal de Debates, as\u00ed como del Comit\u00e9 Editorial\u2013 desde enero de 2018 a mayo de 2019.<\/p>\n<p>En la misma sesi\u00f3n se manifest\u00f3 un pronunciamiento en relaci\u00f3n al paro nacional del 9 de marzo que tiene por lema #UnD\u00edaSinNosotras #ElNueveNingunaSeMueve, y se respald\u00f3 la decisi\u00f3n de las funcionarias del IEEG respecto a adherirse a la causa.<\/p>\n<p>La Consejera Electoral Sandra Liliana Prieto de Le\u00f3n mencion\u00f3 que \u201ccon motivo de las condiciones de las mujeres y ni\u00f1as de la actualidad se ha hecho un llamado a un paro nacional para que las mujeres no asistan al trabajo, escuela y no consuman bienes y servicios el d\u00eda 9 de marzo. La raz\u00f3n de esta convocatoria es protestar ante la violencia hacia la mujeres y ni\u00f1as y el incremento de n\u00famero de feminicidios en el pa\u00eds en el marco de la conmemoraci\u00f3n del D\u00eda Internacional de la Mujer\u201d.<\/p>\n<p>\u201cEs en este sentido, que esta iniciativa visibiliza que la ausencia de mujeres en los espacios p\u00fablicos y privados representa una p\u00e9rdida en todos los \u00e1mbitos y urge al reconocimiento, del valor y aportaciones que realizan d\u00eda con d\u00eda. Asimismo, esta acci\u00f3n tiene como finalidad hacer un llamado a las autoridades para que atendamos la violencia de g\u00e9nero con celeridad, apego a los derechos humanos y con perspectiva de g\u00e9nero\u201d.<\/p>\n<p>\u201cNo se trata de una modalidad de trabajo a distancia, es necesario dejar claro que no se trata de volver al anonimato femenino y replegarse al lugar que ha creado la violencia de g\u00e9nero, es en este sentido que la instituci\u00f3n no debe tomar una postura de otorgamiento de permiso como una concesi\u00f3n; es necesario que nos planteemos qu\u00e9 estamos haciendo en pro de la eliminaci\u00f3n de la violencia, para mejorar las condiciones de seguridad m\u00e9dica, alimentarias y de seguridad social de las mujeres\u201d.<\/p>\n<p>\u201cEs importante que hagamos una reflexi\u00f3n de que este tipo de reclamos, justo y social que se hacen, es para poder visibilizar, sobre todo las autoridades quienes ejercemos estos cargos p\u00fablicos, que no basta con realizar magnos eventos en los que a trav\u00e9s de especialistas, de personal t\u00e9cnico, hagamos referencia en relaci\u00f3n a cu\u00e1les son la situaci\u00f3n que tenemos las mujeres, c\u00f3mo se lleva a cabo ese tipo de violencia, qu\u00e9 es lo que estamos haciendo, se trata de un ejercicio aut\u00e9ntico de cr\u00edtica en cada una de las instituciones, saber qu\u00e9 estamos haciendo, si contamos con personas profesionales que puedas contar con\u00a0 los elementos y\u00a0 conocimientos necesarios para atender todos estos de asuntos que se presentan, donde indudablemente la violencia contra las mujeres se encuentran patentes\u201d.<\/p>\n<p>\u201cQuiero exhortar a este consejo general, a que todos estos asuntos relativos a la violencia contra las mujeres lo tomemos con seriedad, con conocimientos que nos preparemos para abordar todos estos asuntos, estemos a la altura de las circunstancias para poder dar respuesta efectiva y dar un tratamiento adecuado en todos los procesos legales y administrativos que tenemos que sustanciar\u201d, dijo la Consejera Electoral Sandra Liliana Prieto de Le\u00f3n.<\/p>\n<p>&nbsp;<\/p>\n<p>&nbsp;<\/p>\n<p>&nbsp;<\/p>\n<p>&nbsp;<\/p>\n<p>&nbsp;<\/p>\n<p>&nbsp;<\/p>\n<p>&nbsp;<\/p>\n<p>&nbsp;<\/p>\n<p>&nbsp;<\/p>\n<p>&nbsp;<\/p>\n<p>En la misma sesi\u00f3n ordinaria se aprob\u00f3 el dictamen correspondiente al reconocimiento del rango \u201cC\u201d a un miembro del Servicio Profesional Electoral Nacional (SPEN).<\/p>\n<p>&nbsp;<\/p>\n<p>El art\u00edculo 626 del Estatuto del Servicio Profesional Electoral Nacional y del personal de la Rama Administrativa, establece que las y los miembros del Servicio Profesional Electoral Nacional, al obtener la titularidad en el mismo, adquieren la posibilidad de obtener promociones en rango.<\/p>\n<p>&nbsp;<\/p>\n<p>La Junta General Ejecutiva del Instituto Nacional Electoral (INE) determin\u00f3 que Luc\u00eda Ariadna Acosta Fajardo cumpli\u00f3 con los requisitos establecidos en el Modelo de Equivalencias de Rangos para obtener el reconocimiento en el rango \u201cC\u201d.<\/p>\n<p>&nbsp;<\/p>\n<p>Tambi\u00e9n en la sesi\u00f3n se vot\u00f3 para abrogar el C\u00f3digo de \u00c9tica del IEEG aprobado mediante el acuerdo CGIEEG\/025\/2016, toda vez que dicho instrumento contiene normas jur\u00eddicas coercibles y obligatorias cuya contravenci\u00f3n podr\u00e1 dar motivo a la imposici\u00f3n de las sanciones previstas en la referida Ley General de Responsabilidad Administrativas y en la Ley de Responsabilidad Administrativas para el Estado de Guanajuato.<\/p>\n<p>&nbsp;<\/p>\n<p>Lo anterior, es para que las trabajadoras y trabajadores del instituto tengan certeza respecto a cu\u00e1les son las normas que regulan su actuaci\u00f3n y cuyo incumplimiento puede derivar en la aplicaci\u00f3n de sanciones.<\/p>\n<p>&nbsp;<\/p>\n<p>En este sentido, existen elementos para sostener que en el caso en concreto oper\u00f3 la abrogaci\u00f3n t\u00e1cita del C\u00f3digo de \u00c9tica emitido por este Consejo General en virtud de la expedici\u00f3n posterior del C\u00f3digo de \u00c9tica por parte del \u00d3rgano Interno de Control de este instituto.<\/p>\n<p>&nbsp;<\/p>\n<p>En otro punto de la orden del d\u00eda se aprob\u00f3 el informe de actividades de 2019 del Comit\u00e9 Editorial, as\u00ed como su plan anual de trabajo 2020.<\/p>\n<p>&nbsp;<\/p>\n<p>Se aprobaron tambi\u00e9n los informes mensuales de la Comisi\u00f3n de Quejas y Denuncias, de las Direcciones, Unidades T\u00e9cnicas, Juntas Ejecutivas Regionales, Comit\u00e9 de Adquisiciones, enajenaciones, arrendamientos y contrataci\u00f3n de servicios.<\/p>\n<p>&nbsp;<\/p>\n<p>El Consejo General tambi\u00e9n llev\u00f3 a cabo una sesi\u00f3n extraordinaria en la que se aprob\u00f3 el proyecto de resoluci\u00f3n del procedimiento sancionador ordinario identificado en el n\u00famero de expediente 03\/2019-PSO-CG a la Asociaci\u00f3n Civil \u201cRenovemos Guanajuato Ciudadanos Libres\u201d.<\/p>\n<p>&nbsp;<\/p>\n<p>Lo anterior debido a la omisi\u00f3n de entrega de informe sobre origen y destino de los recursos que obtuvo para el desarrollo de sus actividades para la obtenci\u00f3n de su registro como partido pol\u00edtico estatal, en julio de 2019.<\/p>\n<p>&nbsp;<\/p>\n<p>&nbsp;<\/p>\n<p>&nbsp;<\/p>\n<p>&nbsp;<\/p>\n<p>&nbsp;<\/p>\n<p>&nbsp;<\/p>\n<p>&nbsp;<\/p>\n<p>&nbsp;<\/p>\n<p>&nbsp;<\/p>\n<p>&nbsp;<\/p>\n<p>El Consejo General determin\u00f3 dar por concluido el asunto dado que se encuentra imposibilitado para continuar con el procedimiento sancionador ordinario instaurando contra dicha asociaci\u00f3n civil debido a que carece de un respaldo legal para imputar la existencia de una posible infracci\u00f3n a la organizaci\u00f3n denunciada, as\u00ed como para imponer una sanci\u00f3n.<\/p>\n<p>&nbsp;<\/p>\n","protected":false},"excerpt":{"rendered":"","protected":false},"author":1,"featured_media":1852,"comment_status":"open","ping_status":"open","sticky":false,"template":"","format":"standard","meta":[],"categories":[1],"tags":[],"_links":{"self":[{"href":"https:\/\/inforedguanajuato.com\/index.php?rest_route=\/wp\/v2\/posts\/1851"}],"collection":[{"href":"https:\/\/inforedguanajuato.com\/index.php?rest_route=\/wp\/v2\/posts"}],"about":[{"href":"https:\/\/inforedguanajuato.com\/index.php?rest_route=\/wp\/v2\/types\/post"}],"author":[{"embeddable":true,"href":"https:\/\/inforedguanajuato.com\/index.php?rest_route=\/wp\/v2\/users\/1"}],"replies":[{"embeddable":true,"href":"https:\/\/inforedguanajuato.com\/index.php?rest_route=%2Fwp%2Fv2%2Fcomments&post=1851"}],"version-history":[{"count":1,"href":"https:\/\/inforedguanajuato.com\/index.php?rest_route=\/wp\/v2\/posts\/1851\/revisions"}],"predecessor-version":[{"id":1853,"href":"https:\/\/inforedguanajuato.com\/index.php?rest_route=\/wp\/v2\/posts\/1851\/revisions\/1853"}],"wp:featuredmedia":[{"embeddable":true,"href":"https:\/\/inforedguanajuato.com\/index.php?rest_route=\/wp\/v2\/media\/1852"}],"wp:attachment":[{"href":"https:\/\/inforedguanajuato.com\/index.php?rest_route=%2Fwp%2Fv2%2Fmedia&parent=1851"}],"wp:term":[{"taxonomy":"category","embeddable":true,"href":"https:\/\/inforedguanajuato.com\/index.php?rest_route=%2Fwp%2Fv2%2Fcategories&post=1851"},{"taxonomy":"post_tag","embeddable":true,"href":"https:\/\/inforedguanajuato.com\/index.php?rest_route=%2Fwp%2Fv2%2Ftags&post=1851"}],"curies":[{"name":"wp","href":"https:\/\/api.w.org\/{rel}","templated":true}]}}