{"id":1944,"date":"2020-03-06T15:56:36","date_gmt":"2020-03-06T20:56:36","guid":{"rendered":"http:\/\/inforedguanajuato.com\/?p=1944"},"modified":"2020-03-06T15:56:36","modified_gmt":"2020-03-06T20:56:36","slug":"inicia-iec-ciclo-el-palacio-de-los-poetas","status":"publish","type":"post","link":"https:\/\/inforedguanajuato.com\/?p=1944","title":{"rendered":"INICIA IEC CICLO EL PALACIO DE LOS POETAS."},"content":{"rendered":"<p><!--more--><\/p>\n<p><strong>Guanajuato, Gto., a 06 de marzo de 2020<\/strong>.- Con la participaci\u00f3n de Juan Manuel Ram\u00edrez Palomares y Jorge Olmos, inici\u00f3 el ciclo literario \u201cEl Palacio de los Poetas\u201d, organizado por el Instituto Estatal de la Cultura, a trav\u00e9s de Ediciones La Rana, y que reunir\u00e1 a poetas guanajuatenses cada martes de marzo.<\/p>\n<p>El prop\u00f3sito de este ciclo es escuchar, en voz de los autores, \u201cel estado actual de la poes\u00eda en Guanajuato\u201d, en sesiones de lectura dirigidas a p\u00fablicos reducidos. La mayor\u00eda de los participantes son autores de Ediciones La Rana, en especial de la serie Autores de Guanajuato, as\u00ed como de la colecci\u00f3n Formato Port\u00e1til, esta \u00faltima dedicada precisamente a las nuevas voces en el quehacer literario.<\/p>\n<p>Juan Manuel Ram\u00edrez Palomares y Jorge Olmos inauguraron el ciclo al que tambi\u00e9n han sido convocados Montserrath Campos (martes 10), Amaranta Caballero (martes 17) y Daniel Silva (martes 24).<\/p>\n<p>Ram\u00edrez Palomares y Olmos son de los poetas con mayor recorrido en Guanajuato. El primero de ellos estudi\u00f3 Letras Modernas en la Universidad de Guanajuato y fue becario del INBA en 1984. En 2016 apareci\u00f3 el volumen con su \u201cObra reunida\u201d, publicada por Ediciones La Rana. Jorge Olmos, por su parte, es un prol\u00edfico profesor, editor y poeta, autor de m\u00e1s de una docena de libros que abarcan microhistoria, tradiciones de Guanajuato y poes\u00eda.<\/p>\n<p>La pr\u00f3xima invitada del ciclo es la celayense Montserrath Campos S\u00e1nchez con la lectura y comentarios de su obra \u201cDos infancias\u201d. Campos estudi\u00f3 la licenciatura en Letras Espa\u00f1olas en la Universidad de Guanajuato. Public\u00f3 el poemario \u201cDuermevela\u201d (Ediciones La Rana, 2016) y el libro de cuentos \u00bfQui\u00e9n es Paola Vargas? (Editorial Ficticia \/Ediciones La Rana, 2016).<\/p>\n<p>Seguir\u00e1n las ponencias con la participaci\u00f3n de Amaranta Caballero, quien el martes 17 conversar\u00e1 con el p\u00fablico de su obra \u201cC\u00f3lera morbus\u201d. La autora guanajuatense estudi\u00f3 Dise\u00f1o Gr\u00e1fico y la maestr\u00eda en Estudios Socio-culturales. Actualmente realiza el proyecto interdisciplinario \u201cMil p\u00e1jaros mil\u201d.<\/p>\n<p>Completa el programa el irapuatense Daniel Silva, quien ha colaborado en diversos diarios y publicaciones a nivel estatal y nacional. Entre sus logros en este \u00e1mbito hay que destacar la beca de Est\u00edmulo a la Creaci\u00f3n y Desarrollo Art\u00edstico, edici\u00f3n 2016 y adem\u00e1s form\u00f3 parte de la primera emisi\u00f3n de Fondo para las Letras Guanajuatenses que realiza Ediciones La Rana.<\/p>\n<p>Todas las lecturas de El Palacio de los Poetas est\u00e1n programadas a las 18:00 horas, en la Biblioteca Guanajuato, al interior del Museo Palacio de los Poderes. La entrada es libre y el cupo limitado.<\/p>\n<p>El Palacio de los Poetas<\/p>\n<p>Marzo 2020<\/p>\n<p>*Lecturas a las 18:00 horas<\/p>\n<p>T\u00edtulo: Dos poetas con trayectoria<\/p>\n<p>Autor: Juan Manuel Ram\u00edrez Palomares y\u00a0 Jorge Olmos Fuentes<\/p>\n<p>Fecha: Martes 3 de marzo<\/p>\n<p>T\u00edtulo: Dos infancias<\/p>\n<p>Autora: Montserrath Campos S\u00e1nchez<\/p>\n<p>Fecha: Martes 10 de marzo<\/p>\n<p>T\u00edtulo: C\u00f3lera morbus<\/p>\n<p>Autora: Amaranta Caballero<\/p>\n<p>Fecha: Martes 17 de marzo<\/p>\n<p>T\u00edtulo: Hiperbalada entre atlantes<\/p>\n<p>Autor: Gilberto Arvizu<\/p>\n<p>Fecha: Martes 24 de marzo<\/p>\n<p>&nbsp;<\/p>\n","protected":false},"excerpt":{"rendered":"","protected":false},"author":1,"featured_media":1945,"comment_status":"open","ping_status":"open","sticky":false,"template":"","format":"standard","meta":[],"categories":[1],"tags":[],"_links":{"self":[{"href":"https:\/\/inforedguanajuato.com\/index.php?rest_route=\/wp\/v2\/posts\/1944"}],"collection":[{"href":"https:\/\/inforedguanajuato.com\/index.php?rest_route=\/wp\/v2\/posts"}],"about":[{"href":"https:\/\/inforedguanajuato.com\/index.php?rest_route=\/wp\/v2\/types\/post"}],"author":[{"embeddable":true,"href":"https:\/\/inforedguanajuato.com\/index.php?rest_route=\/wp\/v2\/users\/1"}],"replies":[{"embeddable":true,"href":"https:\/\/inforedguanajuato.com\/index.php?rest_route=%2Fwp%2Fv2%2Fcomments&post=1944"}],"version-history":[{"count":1,"href":"https:\/\/inforedguanajuato.com\/index.php?rest_route=\/wp\/v2\/posts\/1944\/revisions"}],"predecessor-version":[{"id":1946,"href":"https:\/\/inforedguanajuato.com\/index.php?rest_route=\/wp\/v2\/posts\/1944\/revisions\/1946"}],"wp:featuredmedia":[{"embeddable":true,"href":"https:\/\/inforedguanajuato.com\/index.php?rest_route=\/wp\/v2\/media\/1945"}],"wp:attachment":[{"href":"https:\/\/inforedguanajuato.com\/index.php?rest_route=%2Fwp%2Fv2%2Fmedia&parent=1944"}],"wp:term":[{"taxonomy":"category","embeddable":true,"href":"https:\/\/inforedguanajuato.com\/index.php?rest_route=%2Fwp%2Fv2%2Fcategories&post=1944"},{"taxonomy":"post_tag","embeddable":true,"href":"https:\/\/inforedguanajuato.com\/index.php?rest_route=%2Fwp%2Fv2%2Ftags&post=1944"}],"curies":[{"name":"wp","href":"https:\/\/api.w.org\/{rel}","templated":true}]}}