{"id":2037,"date":"2020-03-18T23:31:33","date_gmt":"2020-03-19T04:31:33","guid":{"rendered":"http:\/\/inforedguanajuato.com\/?p=2037"},"modified":"2020-03-18T23:31:33","modified_gmt":"2020-03-19T04:31:33","slug":"reconoce-integrante-del-consejo-ciudadano-de-la-comision-nacional-de-busqueda-apertura-del-congreso-del-estado","status":"publish","type":"post","link":"https:\/\/inforedguanajuato.com\/?p=2037","title":{"rendered":"RECONOCE INTEGRANTE DEL CONSEJO CIUDADANO DE LA COMISI\u00d3N NACIONAL DE B\u00daSQUEDA APERTURA DEL CONGRESO DEL ESTADO"},"content":{"rendered":"<p><!--more--><\/p>\n<p><strong>Guanajuato, Gto., a 18 de marzo de 2020.-<\/strong> Con la participaci\u00f3n de Grace Fern\u00e1ndez Mor\u00e1n, integrante del Consejo Ciudadano de la Comisi\u00f3n Nacional de B\u00fasqueda y Yolanda Mor\u00e1n Isais, Directora del Movimiento Buscando Desaparecidos M\u00e9xico, se llev\u00f3 a cabo una mesa de trabajo convocada por las Comisiones de Unidas de Gobernaci\u00f3n y de Derechos Humanos y Grupos Vulnerables del Congreso local, para escuchar sus opiniones respecto a la iniciativa de Ley de B\u00fasqueda de Personas Desaparecidas para el Estado.<\/p>\n<p>Durante la reuni\u00f3n participaron los diputados del PAN Libia Garc\u00eda, Cristina M\u00e1rquez, Katya Soto, V\u00edctor Zanella y Rolando Alc\u00e1ntar; as\u00ed como Jos\u00e9 Guti\u00e9rrez y Janet Miranda representantes de los colectivos A tu encuentro y Sembrando Comunidad, respectivamente.<\/p>\n<p>En su intervenci\u00f3n, Grace Fern\u00e1ndez habl\u00f3 de los puntos m\u00e1s relevantes de la iniciativa y reconoci\u00f3 que el Congreso del Estado son de los pocos poderes legislativos del pa\u00eds que escucharon a los familiares de personas desaparecidas para la creaci\u00f3n de la ley.<\/p>\n<p>\u201cTuvimos la oportunidad de trabajar en un ejercicio de parlamento abierto con el Senado de la Rep\u00fablica, que de verdad, me hubiera gustado haber visto a tanto congresistas como hay hoy en esta reuni\u00f3n, por ello mi agradecimiento y felicitaciones por este espacio de participaci\u00f3n\u201d, explic\u00f3.<\/p>\n<p>Por su parte, Yolanda Mor\u00e1n convoc\u00f3 a los legisladores a fortalecer las herramientas que necesitan los familiares de personas desaparecidas, \u201cdenle a las familias la posibilidad de tener estas herramienta, es necesario apoyar a la ciudadan\u00eda y a las v\u00edctimas\u201d.<\/p>\n<p>La diputada Libia Garc\u00eda, presidenta de las Comisiones Unidas, manifest\u00f3 su agradecimiento por la disposici\u00f3n de quienes asistieron, ya que las aportaciones enriquecer\u00e1n la propuesta.<\/p>\n<p>\u201cTodos hemos aprendido en el camino, nosotros como Grupo Parlamentario y que presentamos la iniciativa no sab\u00edamos la magnitud de los retos a los que nos \u00edbamos a encontrar. Estamos con el \u00e1nimo de que la Ley este a la altura del esfuerzo que han hecho los familiares de las personas desaparecidas y los grupos colectivos, tienen nuestro compromiso\u201d, se\u00f1al\u00f3.<\/p>\n<p>Por su parte, la legisladora Cristina M\u00e1rquez coment\u00f3 que este tipo de di\u00e1logo son enriquecedores para obtener una ley que sea efectiva, \u201cnos quedamos con todos sus comentarios que, de verdad, nos enriquecen y nos dan luz para ir concluyendo el trabajo y poder contar ya con un marco normativo que nos permita a todos realizar un trabajo como se debe\u201d.<\/p>\n<p>La diputada Katya Soto, integrante de la Comisi\u00f3n de Derechos Humanos, habl\u00f3 sobre la importancia de la rendici\u00f3n de cuentas de las autoridades en esta materia y propuso analizar la incorporaci\u00f3n de dicho tema en la ley.<\/p>\n<p>Al hacer uso de la voz, el diputado V\u00edctor Zanella pidi\u00f3 la opini\u00f3n de los activistas acerca de eliminar o mantener el t\u00e9rmino de persona no localizada de la propuesta.<\/p>\n","protected":false},"excerpt":{"rendered":"","protected":false},"author":1,"featured_media":2038,"comment_status":"open","ping_status":"open","sticky":false,"template":"","format":"standard","meta":[],"categories":[6],"tags":[],"_links":{"self":[{"href":"https:\/\/inforedguanajuato.com\/index.php?rest_route=\/wp\/v2\/posts\/2037"}],"collection":[{"href":"https:\/\/inforedguanajuato.com\/index.php?rest_route=\/wp\/v2\/posts"}],"about":[{"href":"https:\/\/inforedguanajuato.com\/index.php?rest_route=\/wp\/v2\/types\/post"}],"author":[{"embeddable":true,"href":"https:\/\/inforedguanajuato.com\/index.php?rest_route=\/wp\/v2\/users\/1"}],"replies":[{"embeddable":true,"href":"https:\/\/inforedguanajuato.com\/index.php?rest_route=%2Fwp%2Fv2%2Fcomments&post=2037"}],"version-history":[{"count":1,"href":"https:\/\/inforedguanajuato.com\/index.php?rest_route=\/wp\/v2\/posts\/2037\/revisions"}],"predecessor-version":[{"id":2039,"href":"https:\/\/inforedguanajuato.com\/index.php?rest_route=\/wp\/v2\/posts\/2037\/revisions\/2039"}],"wp:featuredmedia":[{"embeddable":true,"href":"https:\/\/inforedguanajuato.com\/index.php?rest_route=\/wp\/v2\/media\/2038"}],"wp:attachment":[{"href":"https:\/\/inforedguanajuato.com\/index.php?rest_route=%2Fwp%2Fv2%2Fmedia&parent=2037"}],"wp:term":[{"taxonomy":"category","embeddable":true,"href":"https:\/\/inforedguanajuato.com\/index.php?rest_route=%2Fwp%2Fv2%2Fcategories&post=2037"},{"taxonomy":"post_tag","embeddable":true,"href":"https:\/\/inforedguanajuato.com\/index.php?rest_route=%2Fwp%2Fv2%2Ftags&post=2037"}],"curies":[{"name":"wp","href":"https:\/\/api.w.org\/{rel}","templated":true}]}}