{"id":2255,"date":"2020-04-14T17:23:50","date_gmt":"2020-04-14T22:23:50","guid":{"rendered":"http:\/\/inforedguanajuato.com\/?p=2255"},"modified":"2020-04-16T11:05:38","modified_gmt":"2020-04-16T16:05:38","slug":"diputados-pan-gto-piden-se-respete-acuerdo-de-la-junta-de-gobierno-para-analizar-la-agenda-comun-en-materia-electoral","status":"publish","type":"post","link":"https:\/\/inforedguanajuato.com\/?p=2255","title":{"rendered":"DIPUTADOS PAN GTO PIDEN SE RESPETE ACUERDO DE LA JUNTA DE GOBIERNO PARA ANALIZAR LA AGENDA COM\u00daN EN MATERIA ELECTORAL"},"content":{"rendered":"<p><!--more--><\/p>\n<p><strong>Guanajuato, Gto; a 15 de abril de 2020.-<\/strong> Los diputados del Grupo Parlamentario del PAN, integrantes de la Comisi\u00f3n de Asuntos Electorales del Congreso Local, manifestaron que el principio del paridad es un tema que por acuerdo de la Junta de Gobierno y Coordinaci\u00f3n Pol\u00edtica debe analizarse como parte de la Agenda Com\u00fan en materia electoral.<\/p>\n<p>Los legisladores de Acci\u00f3n Nacional manifestamos que coincidimos en el fondo de las propuestas que reforman la Ley de Instituciones y Procedimientos Electorales, en el principio de paridad, mismas que hoy fueron sujetas a an\u00e1lisis durante una mesa de trabajo convocada por la Comisi\u00f3n de Asuntos Electorales.<\/p>\n<p>Durante los trabajos realizados en dicha mesa, dejamos en claro que en esta ocasi\u00f3n, no coincidimos con el proceso para atenderlas, puesto que las iniciativas no son objeto de un an\u00e1lisis independiente sino de una revisi\u00f3n integral de la agenda com\u00fan de reformas en materia electoral para el Estado de Guanajuato.<\/p>\n<p>Cabe se\u00f1alar, que la Junta de Gobierno y Coordinaci\u00f3n Pol\u00edtica el pasado 25 de febrero del presente a\u00f1o, emiti\u00f3 los temas a contemplarse en la agenda com\u00fan, por ello y en acuerdo al m\u00e1ximo \u00f3rgano de Gobierno del Congreso Local se estableci\u00f3 que en aquellos temas donde hubiera coincidencias de los Grupos y Representaciones Parlamentarias se integrar\u00edan a dicha agenda.<\/p>\n<p>Por lo anterior, aclaramos lo siguiente:<\/p>\n<ol>\n<li>El punto n\u00famero 9 del documento emitido por la Junta de Gobierno con fecha del 25 de febrero, contempla que el tema de paridad de g\u00e9nero es un asunto de la agenda com\u00fan, por lo que este debe ser tratado de manera conjunta.<\/li>\n<\/ol>\n<ol start=\"2\">\n<li>Al agendarse una mesa de trabajo con dos iniciativas relacionadas con este tema, consideramos pertinente que pudieran re agendarse el an\u00e1lisis de dichas propuestas, a efecto de sumarse al proceso de an\u00e1lisis de la iniciativa com\u00fan en materia electoral.<\/li>\n<\/ol>\n<ol start=\"3\">\n<li>Ante la negativa de re agendarse la mesa de trabajo para que coincida con el proceso de an\u00e1lisis de la agenda com\u00fan en materia electoral, externamos en la misma, nuestro extra\u00f1amiento al no respetarse el acuerdo de la Junta de Gobierno, por lo que ante la decisi\u00f3n de continuar con su an\u00e1lisis, se\u00f1alamos que los comentarios que emita la bancada del PAN al tema de paridad en cualquiera de sus vertientes se har\u00e1n en el momento oportuno, una vez que concluya la consulta ciudadana de la iniciativa de agenda com\u00fan en materia electoral.<\/li>\n<\/ol>\n<p>Es importante manifestar que los diputados del PAN en Guanajuato al inicio de la presente Legislatura presentaron la Reforma Constitucional, a efecto de que el Congreso del Estado y los Ayuntamientos se integren de manera paritaria, lo cual se encuentra vigente actualmente; as\u00ed mismo hace un a\u00f1o se pronunciaron para que la paridad de g\u00e9nero fuera agenda com\u00fan del Poder Legislativo.<\/p>\n","protected":false},"excerpt":{"rendered":"","protected":false},"author":1,"featured_media":2256,"comment_status":"open","ping_status":"open","sticky":false,"template":"","format":"standard","meta":[],"categories":[6],"tags":[],"_links":{"self":[{"href":"https:\/\/inforedguanajuato.com\/index.php?rest_route=\/wp\/v2\/posts\/2255"}],"collection":[{"href":"https:\/\/inforedguanajuato.com\/index.php?rest_route=\/wp\/v2\/posts"}],"about":[{"href":"https:\/\/inforedguanajuato.com\/index.php?rest_route=\/wp\/v2\/types\/post"}],"author":[{"embeddable":true,"href":"https:\/\/inforedguanajuato.com\/index.php?rest_route=\/wp\/v2\/users\/1"}],"replies":[{"embeddable":true,"href":"https:\/\/inforedguanajuato.com\/index.php?rest_route=%2Fwp%2Fv2%2Fcomments&post=2255"}],"version-history":[{"count":2,"href":"https:\/\/inforedguanajuato.com\/index.php?rest_route=\/wp\/v2\/posts\/2255\/revisions"}],"predecessor-version":[{"id":2267,"href":"https:\/\/inforedguanajuato.com\/index.php?rest_route=\/wp\/v2\/posts\/2255\/revisions\/2267"}],"wp:featuredmedia":[{"embeddable":true,"href":"https:\/\/inforedguanajuato.com\/index.php?rest_route=\/wp\/v2\/media\/2256"}],"wp:attachment":[{"href":"https:\/\/inforedguanajuato.com\/index.php?rest_route=%2Fwp%2Fv2%2Fmedia&parent=2255"}],"wp:term":[{"taxonomy":"category","embeddable":true,"href":"https:\/\/inforedguanajuato.com\/index.php?rest_route=%2Fwp%2Fv2%2Fcategories&post=2255"},{"taxonomy":"post_tag","embeddable":true,"href":"https:\/\/inforedguanajuato.com\/index.php?rest_route=%2Fwp%2Fv2%2Ftags&post=2255"}],"curies":[{"name":"wp","href":"https:\/\/api.w.org\/{rel}","templated":true}]}}