{"id":2396,"date":"2020-04-29T11:53:42","date_gmt":"2020-04-29T16:53:42","guid":{"rendered":"http:\/\/inforedguanajuato.com\/?p=2396"},"modified":"2020-04-29T11:53:42","modified_gmt":"2020-04-29T16:53:42","slug":"conmemora-iec-en-linea-el-dia-de-la-danza","status":"publish","type":"post","link":"https:\/\/inforedguanajuato.com\/?p=2396","title":{"rendered":"CONMEMORA IEC EN L\u00cdNEA EL D\u00cdA DE LA DANZA"},"content":{"rendered":"<p><!--more--><\/p>\n<p><strong>Guanajuato, Gto., a 28 de abril de 2020.- <\/strong>Para conmemorar este 29 de abril el D\u00eda Internacional de la Danza, en medio de la contingencia sanitaria, el Instituto Estatal de la Cultura emplear\u00e1 su p\u00e1gina de Facebook para celebrar a los bailarines y core\u00f3grafos con una serie de testimonios, gu\u00edas paso a paso y ejecuciones de los artistas de la danza en el estado.<\/p>\n<p>Cerca de hora y media de contenido, dividido en 16 segmentos de video, se estar\u00e1 compartiendo a lo largo de la jornada, permitiendo mostrar a la poblaci\u00f3n en general la riqueza de la danza a trav\u00e9s de sus diferentes t\u00e9cnicas, como es el caso de la gu\u00eda paso a paso de huapango arribe\u00f1o del Mtro. Erick Cesar Corona Robles, quien como ejecutante e investigador realiz\u00f3 este trabajo sobre los or\u00edgenes del baile.<\/p>\n<p>En estas trasmisiones tambi\u00e9n participar\u00e1 la Mtra. Martha Azuela, quien como figura importante en la danza tiene una trayectoria art\u00edstica que data de 1969 al iniciar sus estudios con el Mtro. Carlos Gaona en la Universidad de Guanajuato. Como maestra y core\u00f3grafa ha presentado 47 estrenos de coreograf\u00edas entre las que destaca \u201cLa cer\u00e1mica procesada\u201d; dio origen al grupo g\u00e9nesis y ha sido reconocida a nivel regional y nacional por su destacada participaci\u00f3n en el mundo danc\u00edstico.<\/p>\n<p>Asimismo, se contar\u00e1 con la participaci\u00f3n del director de Ballet Folkl\u00f3rico de la Universidad de Guanajuato, Roberto Mart\u00ednez, Lola Lince, Mauricio Nava, Carlos Alberto Rend\u00f3n, Agust\u00edn Ceballos, Sergio P\u00e9rez y Roberto Mosqueda entre otros.<\/p>\n<p>Todos y cada uno de los ya mencionados han puesto en lo alto la danza en escenarios importantes a nivel nacional e internacional.<\/p>\n<p>Esta serie de emisiones especiales por el D\u00eda Internacional de la Danza forma parte de la estrategia del Instituto Estatal de la Cultura para ofrecer contenidos de arte y cultura de manera digital a los guanajuatenses que siguen la m\u00e1xima recomendaci\u00f3n sanitaria ante la pandemia de COVID-19: quedarse en casa.<\/p>\n","protected":false},"excerpt":{"rendered":"","protected":false},"author":1,"featured_media":2397,"comment_status":"open","ping_status":"open","sticky":false,"template":"","format":"standard","meta":[],"categories":[4],"tags":[],"_links":{"self":[{"href":"https:\/\/inforedguanajuato.com\/index.php?rest_route=\/wp\/v2\/posts\/2396"}],"collection":[{"href":"https:\/\/inforedguanajuato.com\/index.php?rest_route=\/wp\/v2\/posts"}],"about":[{"href":"https:\/\/inforedguanajuato.com\/index.php?rest_route=\/wp\/v2\/types\/post"}],"author":[{"embeddable":true,"href":"https:\/\/inforedguanajuato.com\/index.php?rest_route=\/wp\/v2\/users\/1"}],"replies":[{"embeddable":true,"href":"https:\/\/inforedguanajuato.com\/index.php?rest_route=%2Fwp%2Fv2%2Fcomments&post=2396"}],"version-history":[{"count":1,"href":"https:\/\/inforedguanajuato.com\/index.php?rest_route=\/wp\/v2\/posts\/2396\/revisions"}],"predecessor-version":[{"id":2398,"href":"https:\/\/inforedguanajuato.com\/index.php?rest_route=\/wp\/v2\/posts\/2396\/revisions\/2398"}],"wp:featuredmedia":[{"embeddable":true,"href":"https:\/\/inforedguanajuato.com\/index.php?rest_route=\/wp\/v2\/media\/2397"}],"wp:attachment":[{"href":"https:\/\/inforedguanajuato.com\/index.php?rest_route=%2Fwp%2Fv2%2Fmedia&parent=2396"}],"wp:term":[{"taxonomy":"category","embeddable":true,"href":"https:\/\/inforedguanajuato.com\/index.php?rest_route=%2Fwp%2Fv2%2Fcategories&post=2396"},{"taxonomy":"post_tag","embeddable":true,"href":"https:\/\/inforedguanajuato.com\/index.php?rest_route=%2Fwp%2Fv2%2Ftags&post=2396"}],"curies":[{"name":"wp","href":"https:\/\/api.w.org\/{rel}","templated":true}]}}