{"id":2659,"date":"2020-05-31T22:45:33","date_gmt":"2020-06-01T03:45:33","guid":{"rendered":"http:\/\/inforedguanajuato.com\/?p=2659"},"modified":"2020-05-31T22:45:33","modified_gmt":"2020-06-01T03:45:33","slug":"este-lunes-entrara-en-funcion-el-semaforo-estatal-para-la-reactivacion-en-guanajuato","status":"publish","type":"post","link":"https:\/\/inforedguanajuato.com\/?p=2659","title":{"rendered":"ESTE LUNES ENTRAR\u00c1 EN FUNCI\u00d3N EL SEM\u00c1FORO ESTATAL PARA LA REACTIVACI\u00d3N EN GUANAJUATO."},"content":{"rendered":"<p><!--more--><\/p>\n<p>Guanajuato, Gto. 31 de mayo de 2020.- Para continuar con el \u2018Plan de Acci\u00f3n GTO Cuid\u00e1ndonos Todas y Todos\u2019, el Gobierno del Estado presenta el Sem\u00e1foro Estatal para la Reactivaci\u00f3n de los sectores econ\u00f3micos en la Entidad.<\/p>\n<p>Esta reincorporaci\u00f3n deber\u00e1 ser en orden gradual y de forma responsable; se deber\u00e1n de cumplir protocolos y mecanismos de seguridad sanitaria de acuerdo al monitoreo del Sem\u00e1foro Estatal que para esta semana, del 1 al 7 de junio, se presenta en color rojo y cada lunes se ir\u00e1 actualizando.<\/p>\n<p>El Secretario de Salud, Daniel Alberto D\u00edaz Mart\u00ednez, dijo que lo que mover\u00e1 el Sem\u00e1foro en Guanajuato son los casos nuevos de COVID-19, la disminuci\u00f3n de muertes, los ventiladores ocupados por casos de infecciones respiratorias por d\u00eda y la capacidad de camas hospitalarias.<\/p>\n<p>Las empresas deber\u00e1n implementar las recomendaciones de salud y usarlas como gu\u00eda para la conformaci\u00f3n de los protocolos y mecanismos de seguridad sanitaria y firmar el Acuerdo de Suma de Voluntades con el Gobierno del Estado.<\/p>\n<p>Dichos formatos ya est\u00e1n disponibles en la p\u00e1gina https:\/\/reactivemosgto.guanajuato.gob.mx\/ donde se podr\u00e1 consultar el giro del negocio o comercio para ver el estatus dentro del Sem\u00e1foro.<\/p>\n<p>Los centros de trabajo deben de contar con su Plan de Acci\u00f3n para \u201cLa Nueva Normalidad\u201d y capacitar un \u00e1rea de salud laboral en las empresas que no lo tengan, explic\u00f3 el Secretario.<\/p>\n<p>La empresa o negocio deber\u00e1 ingresar y registrarse para reactivarse en orden, de manera gradual, responsable en la autoevaluaci\u00f3n, en la implementaci\u00f3n del protocolo y mecanismo de seguridad sanitaria, basados en el monitoreo del Sem\u00e1foro Estatal.<\/p>\n<p>El primer grupo de activaci\u00f3n econ\u00f3mica deber\u00e1 hacerse de manera paulatina, de acuerdo a lineamientos establecidos por la autoridad sanitaria estatal, que presenta a los Servicios de Bajo Riesgo (profesionales y oficios) y Comercio al por Mayor, con un 75% de reactivaci\u00f3n.<\/p>\n<p>Se reactivar\u00e1n, en un 30%, el Sector Calzado (en el \u00e1rea de proveedur\u00eda industrial y de salud), de Vestido-Confecci\u00f3n (proveedores de uniformes industriales y de salud), Servicios de Apoyo a los Negocios, Restaurantes-Hospedaje, Comercio al por Menor y Plazas Comerciales (con excepci\u00f3n de bares, cines, \u00e1reas de comida, \u00e1reas comunes y de juegos)<\/p>\n<p>Desde el Gobierno del Estado se seguir\u00e1n elaborando los criterios de la semaforizaci\u00f3n que ser\u00e1n compartidos con cada municipio para juntos cumplir las medidas preventivas, pues es elemental la participaci\u00f3n ciudadana para lograr este programa que busca la seguridad social, y cada lunes, se actualizar\u00e1 el estatus del Sem\u00e1foro Estatal para la Reactivaci\u00f3n en Guanajuato.<\/p>\n","protected":false},"excerpt":{"rendered":"","protected":false},"author":1,"featured_media":2660,"comment_status":"open","ping_status":"open","sticky":false,"template":"","format":"standard","meta":[],"categories":[4],"tags":[],"_links":{"self":[{"href":"https:\/\/inforedguanajuato.com\/index.php?rest_route=\/wp\/v2\/posts\/2659"}],"collection":[{"href":"https:\/\/inforedguanajuato.com\/index.php?rest_route=\/wp\/v2\/posts"}],"about":[{"href":"https:\/\/inforedguanajuato.com\/index.php?rest_route=\/wp\/v2\/types\/post"}],"author":[{"embeddable":true,"href":"https:\/\/inforedguanajuato.com\/index.php?rest_route=\/wp\/v2\/users\/1"}],"replies":[{"embeddable":true,"href":"https:\/\/inforedguanajuato.com\/index.php?rest_route=%2Fwp%2Fv2%2Fcomments&post=2659"}],"version-history":[{"count":1,"href":"https:\/\/inforedguanajuato.com\/index.php?rest_route=\/wp\/v2\/posts\/2659\/revisions"}],"predecessor-version":[{"id":2661,"href":"https:\/\/inforedguanajuato.com\/index.php?rest_route=\/wp\/v2\/posts\/2659\/revisions\/2661"}],"wp:featuredmedia":[{"embeddable":true,"href":"https:\/\/inforedguanajuato.com\/index.php?rest_route=\/wp\/v2\/media\/2660"}],"wp:attachment":[{"href":"https:\/\/inforedguanajuato.com\/index.php?rest_route=%2Fwp%2Fv2%2Fmedia&parent=2659"}],"wp:term":[{"taxonomy":"category","embeddable":true,"href":"https:\/\/inforedguanajuato.com\/index.php?rest_route=%2Fwp%2Fv2%2Fcategories&post=2659"},{"taxonomy":"post_tag","embeddable":true,"href":"https:\/\/inforedguanajuato.com\/index.php?rest_route=%2Fwp%2Fv2%2Ftags&post=2659"}],"curies":[{"name":"wp","href":"https:\/\/api.w.org\/{rel}","templated":true}]}}