{"id":2724,"date":"2020-06-08T23:00:54","date_gmt":"2020-06-09T04:00:54","guid":{"rendered":"http:\/\/inforedguanajuato.com\/?p=2724"},"modified":"2020-06-08T23:00:54","modified_gmt":"2020-06-09T04:00:54","slug":"garantiza-ine-derecho-al-voto-de-las-personas-con-discapacidad-y-su-inclusion-en-la-democracia-mexicana-consejera-adriana-favela","status":"publish","type":"post","link":"https:\/\/inforedguanajuato.com\/?p=2724","title":{"rendered":"GARANTIZA INE DERECHO AL VOTO DE LAS PERSONAS CON DISCAPACIDAD Y SU INCLUSI\u00d3N EN LA DEMOCRACIA MEXICANA: CONSEJERA ADRIANA FAVELA"},"content":{"rendered":"<p><!--more--><\/p>\n<p>08 de junio de 2020.- El Instituto Nacional Electoral (INE) garantiza el derecho de las personas con discapacidad a votar y participar en las elecciones, al tiempo que trabaja por su inclusi\u00f3n en la democracia mexicana, afirm\u00f3 la Consejera Adriana Favela Herrera.<\/p>\n<p>Durante el Facebook Live \u201cLa inclusi\u00f3n de las personas con discapacidad en la democracia\u201d, subray\u00f3 el compromiso del Instituto de trabajar de la mano de las personas con discapacidad, a fin de garantizar todos sus derechos, no s\u00f3lo el de votar sino tambi\u00e9n de ser votados.<\/p>\n<p>Acompa\u00f1ada del director de Vinculaci\u00f3n Interinstitucional de la Confederaci\u00f3n Mexicana de Organizaciones en favor de la Persona con Discapacidad Intelectual (CONFE), Ernesto Rojas Barrientos, plante\u00f3 los retos y acciones a trabajar para lograr una mejor inclusi\u00f3n.<\/p>\n<p>\u201cFalta garantizar el derecho de las personas con discapacidad a ser votadas, que puedan acceder a las candidaturas. Y para que eso les propicie que puedan llegar a los cargos de elecci\u00f3n popular\u201d, se\u00f1al\u00f3.<\/p>\n<p>La Consejera Favela enfatiz\u00f3 que, si no se retoman o se aprueban las distintas iniciativas que se han presentado en la C\u00e1mara de Diputados del Congreso de la Uni\u00f3n en este sentido, \u201centonces el INE tendr\u00eda que hacer una acci\u00f3n afirmativa que nos lleve a esta circunstancia\u201d.<\/p>\n<p>Puso como ejemplo que, en la elecci\u00f3n de 2018, cuando se compiti\u00f3 por 18 mil 299 cargos de elecci\u00f3n popular, los partidos pol\u00edticos registraron a 61 personas con discapacidad y de \u00e9stas, solamente 19 pudieron acceder a esos cargos.<\/p>\n<p>Tambi\u00e9n consider\u00f3 el hecho de determinar la utilidad de incluir en la Credencial para Votar un distintivo en el que se se\u00f1ale que el portador es una persona con discapacidad; que quienes se encuentren hospitalizados puedan votar el d\u00eda de la Jornada Electoral y que personas privadas de sus facultades mentales accedan a las casillas.<\/p>\n<p>La Consejera Favela enumer\u00f3 las acciones realizadas por el INE, como la atenci\u00f3n y expedici\u00f3n de 635 mil 774 credenciales para votar a personas con discapacidad; atenci\u00f3n domiciliaria; el impulso a la participaci\u00f3n logrando en las elecciones de 2018 que 776 personas con discapacidad formaran parte de las Mesas Directivas de Casilla; elaboraci\u00f3n de material para facilitar el ejercicio del voto como plantillas en lenguaje Braille o la mampara especial y una serie de innovaciones en materia de accesibilidad en los comicios 2017-2018, por lo cual el INE obtuvo el premio a la Innovaci\u00f3n Pol\u00edtica, otorgado por Zero Project 2019.<\/p>\n<p>No es ocioso trabajar por los derechos pol\u00edtico-electorales de las personas con discapacidad<\/p>\n<p>En su intervenci\u00f3n, el tambi\u00e9n licenciado en Derecho por la Universidad Nacional Aut\u00f3noma de M\u00e9xico, sostuvo que trabajar por los derechos pol\u00edtico-electorales de las personas con discapacidad no es ocioso, pero se requiere la participaci\u00f3n de este sector.<\/p>\n<p>Esta tarea \u201cno es s\u00f3lo de una instituci\u00f3n, de un partido pol\u00edtico o de unos cuantos con discapacidad. Es de todos si tenemos conciencia de que, de ello tendremos resultados\u201d.<\/p>\n<p>El director de Vinculaci\u00f3n de CONFE enfatiz\u00f3 la importancia de la participaci\u00f3n de este sector, no s\u00f3lo en votar sino en ser votados. \u201cQu\u00e9 importante es que nosotros podamos formar parte de las c\u00e1maras estatales, federal y el congreso de la Ciudad de M\u00e9xico y podamos ser impulsores de pol\u00edticas y programas que nos ayuden a nosotros\u201d.<\/p>\n<p>Es fundamental hacer conciencia de que \u201cquien tenga perfiles para ocupar un cargo p\u00fablico se sumen e impulsen la legislaci\u00f3n adecuada para que la participaci\u00f3n no s\u00f3lo sea un derecho sino una obligaci\u00f3n\u201d.<\/p>\n<p>Destac\u00f3 la importancia de que se formulen pol\u00edticas y programas en beneficio de las personas con discapacidad y que esta brecha de derechos cada vez sea menor entre el resto de la comunidad, a fin de sentirse verdaderamente incluidos a la misma.<\/p>\n<p>Esta participaci\u00f3n no se da de manera espont\u00e1nea; por ello, demand\u00f3 la intervenci\u00f3n de los sectores involucrados en el tema: las c\u00e1maras donde se legisla, para identificar las mejores estrategias de todas las etapas del proceso electoral; el Ejecutivo donde se trabaja de qu\u00e9 manera los derechos pol\u00edtico-electorales deben ser resguardados desde las instituciones; los organismos aut\u00f3nomos como los institutos electorales locales y el federal, as\u00ed como de partidos pol\u00edticos que conocen los temas de la sociedad civil que requieren atenci\u00f3n.<\/p>\n","protected":false},"excerpt":{"rendered":"","protected":false},"author":1,"featured_media":2725,"comment_status":"open","ping_status":"open","sticky":false,"template":"","format":"standard","meta":[],"categories":[1],"tags":[],"_links":{"self":[{"href":"https:\/\/inforedguanajuato.com\/index.php?rest_route=\/wp\/v2\/posts\/2724"}],"collection":[{"href":"https:\/\/inforedguanajuato.com\/index.php?rest_route=\/wp\/v2\/posts"}],"about":[{"href":"https:\/\/inforedguanajuato.com\/index.php?rest_route=\/wp\/v2\/types\/post"}],"author":[{"embeddable":true,"href":"https:\/\/inforedguanajuato.com\/index.php?rest_route=\/wp\/v2\/users\/1"}],"replies":[{"embeddable":true,"href":"https:\/\/inforedguanajuato.com\/index.php?rest_route=%2Fwp%2Fv2%2Fcomments&post=2724"}],"version-history":[{"count":1,"href":"https:\/\/inforedguanajuato.com\/index.php?rest_route=\/wp\/v2\/posts\/2724\/revisions"}],"predecessor-version":[{"id":2726,"href":"https:\/\/inforedguanajuato.com\/index.php?rest_route=\/wp\/v2\/posts\/2724\/revisions\/2726"}],"wp:featuredmedia":[{"embeddable":true,"href":"https:\/\/inforedguanajuato.com\/index.php?rest_route=\/wp\/v2\/media\/2725"}],"wp:attachment":[{"href":"https:\/\/inforedguanajuato.com\/index.php?rest_route=%2Fwp%2Fv2%2Fmedia&parent=2724"}],"wp:term":[{"taxonomy":"category","embeddable":true,"href":"https:\/\/inforedguanajuato.com\/index.php?rest_route=%2Fwp%2Fv2%2Fcategories&post=2724"},{"taxonomy":"post_tag","embeddable":true,"href":"https:\/\/inforedguanajuato.com\/index.php?rest_route=%2Fwp%2Fv2%2Ftags&post=2724"}],"curies":[{"name":"wp","href":"https:\/\/api.w.org\/{rel}","templated":true}]}}