{"id":2800,"date":"2020-06-16T21:23:54","date_gmt":"2020-06-17T02:23:54","guid":{"rendered":"http:\/\/inforedguanajuato.com\/?p=2800"},"modified":"2020-06-16T21:23:54","modified_gmt":"2020-06-17T02:23:54","slug":"si-hay-de-otra-saldremos-adelante-de-esta-crisis-de-salud-y-economica-diputado-miguel-salim","status":"publish","type":"post","link":"https:\/\/inforedguanajuato.com\/?p=2800","title":{"rendered":"S\u00cd HAY DE OTRA; SALDREMOS ADELANTE DE ESTA CRISIS DE SALUD Y ECON\u00d3MICA: DIPUTADO MIGUEL SALIM"},"content":{"rendered":"<p><!--more--><\/p>\n<p><strong>Guanajuato, Gto., a 16 de junio de 2020.-<\/strong> \u201cSabemos que M\u00e9xico enfrenta una doble emergencia, la de salud provocada por el Covid-19, y la econ\u00f3mica; muchas familias viven con preocupaci\u00f3n, angustia y enojo, y a todas ellas queremos decirles: no est\u00e1n solas, s\u00ed hay de otra, y es posible evitar la ruina que puede dejar esta situaci\u00f3n\u201d, dijo el diputado Miguel \u00c1ngel Salim.<\/p>\n<p>Enfatiz\u00f3 en que Guanajuato es fuerte por el talento y la solidaridad de su gente; \u201cel Covid-19 es un gran desaf\u00edo, pero lo superaremos, y saldremos de esta crisis con personas y empresas que funcionen y compitan todav\u00eda mejor\u201d.<\/p>\n<p>El legislador se\u00f1al\u00f3 que es momento de que, con decisi\u00f3n y sobre todo con prudencia, se trabaje para reactivar al Estado; dijo que se debe proteger en forma integral la vida de los guanajuatenses, cuid\u00e1ndolos de la pandemia, pero tambi\u00e9n del desempleo y de la recesi\u00f3n.<\/p>\n<p>Afirm\u00f3 que se apuesta a la econom\u00eda de Guanajuato, pero que al hacerlo, no se piensa en la frialdad de los n\u00fameros o en el espejismo de los porcentajes, sino en la esperanza, el trabajo y el talento de millones de mujeres y hombres guanajuatenses que le dan forma a las empresas, desde Xich\u00fa y hasta Le\u00f3n.<\/p>\n<p>Record\u00f3 que Guanajuato se cuenta con un sistema de semaforizaci\u00f3n para definir qu\u00e9 actividades pueden reiniciar, y ya tienen autorizaci\u00f3n para hacerlo sectores como los de la construcci\u00f3n, la miner\u00eda, el calzado, el vestido, el comercio y restaurantes, operando a distintos porcentajes dependiendo del sector.<\/p>\n<p>Remarc\u00f3 que volver a las instalaciones no significa regresar a los viejos h\u00e1bitos; la pandemia sigue presente y creciendo; por lo tanto, la reactivaci\u00f3n debe hacerse acompa\u00f1ada del reforzamiento de las 5 medidas de prevenci\u00f3n: lavado de manos, aislar a quienes presenten problemas respiratorios, respetar el distanciamiento social, limpiar las superficies y, en la medida de lo posible, quedarse en casa.<\/p>\n<p>Salim Alle refiri\u00f3 que el pasado fin de semana se escucharon las voces de los Gobernadores de Acci\u00f3n Nacional desde la ciudad de Dolores Hidalgo, Cuna de la Independencia Nacional, que evaluaron el impacto de la doble emergencia en los estados y el pa\u00eds, y el mensaje fue claro: se trabajar\u00e1 fuerte para levantar a M\u00e9xico y superar los efectos que deja esta pandemia.<\/p>\n<p>\u201cEn este camino, las autoridades y espec\u00edficamente en el Congreso local, seguiremos siendo aliados de los ciudadanos, buscando la mejor ruta para nuestro estado, supervisando que los recursos p\u00fablicos se inviertan bien y fortaleciendo las leyes en lo que sea necesario para que nuestra \u201cnueva normalidad\u201d sea la de m\u00e1s salud, mayores oportunidades y mejor calidad de vida para todos los guanajuatenses\u201d, concluy\u00f3.<\/p>\n","protected":false},"excerpt":{"rendered":"","protected":false},"author":1,"featured_media":2801,"comment_status":"open","ping_status":"open","sticky":false,"template":"","format":"standard","meta":[],"categories":[6],"tags":[],"_links":{"self":[{"href":"https:\/\/inforedguanajuato.com\/index.php?rest_route=\/wp\/v2\/posts\/2800"}],"collection":[{"href":"https:\/\/inforedguanajuato.com\/index.php?rest_route=\/wp\/v2\/posts"}],"about":[{"href":"https:\/\/inforedguanajuato.com\/index.php?rest_route=\/wp\/v2\/types\/post"}],"author":[{"embeddable":true,"href":"https:\/\/inforedguanajuato.com\/index.php?rest_route=\/wp\/v2\/users\/1"}],"replies":[{"embeddable":true,"href":"https:\/\/inforedguanajuato.com\/index.php?rest_route=%2Fwp%2Fv2%2Fcomments&post=2800"}],"version-history":[{"count":1,"href":"https:\/\/inforedguanajuato.com\/index.php?rest_route=\/wp\/v2\/posts\/2800\/revisions"}],"predecessor-version":[{"id":2802,"href":"https:\/\/inforedguanajuato.com\/index.php?rest_route=\/wp\/v2\/posts\/2800\/revisions\/2802"}],"wp:featuredmedia":[{"embeddable":true,"href":"https:\/\/inforedguanajuato.com\/index.php?rest_route=\/wp\/v2\/media\/2801"}],"wp:attachment":[{"href":"https:\/\/inforedguanajuato.com\/index.php?rest_route=%2Fwp%2Fv2%2Fmedia&parent=2800"}],"wp:term":[{"taxonomy":"category","embeddable":true,"href":"https:\/\/inforedguanajuato.com\/index.php?rest_route=%2Fwp%2Fv2%2Fcategories&post=2800"},{"taxonomy":"post_tag","embeddable":true,"href":"https:\/\/inforedguanajuato.com\/index.php?rest_route=%2Fwp%2Fv2%2Ftags&post=2800"}],"curies":[{"name":"wp","href":"https:\/\/api.w.org\/{rel}","templated":true}]}}