{"id":2820,"date":"2020-06-17T21:31:50","date_gmt":"2020-06-18T02:31:50","guid":{"rendered":"http:\/\/inforedguanajuato.com\/?p=2820"},"modified":"2020-06-17T21:31:50","modified_gmt":"2020-06-18T02:31:50","slug":"analizan-iniciativas-que-buscan-un-mejor-acceso-a-la-justicia-laboral-por-medio-de-la-conciliacion-en-guanajuato","status":"publish","type":"post","link":"https:\/\/inforedguanajuato.com\/?p=2820","title":{"rendered":"ANALIZAN INICIATIVAS QUE BUSCAN UN MEJOR ACCESO A LA JUSTICIA LABORAL, POR MEDIO DE LA CONCILIACI\u00d3N, EN GUANAJUATO"},"content":{"rendered":"<p><!--more--><\/p>\n<p>Guanajuato, Gto., a 17 de junio de 2020.- En mesa de trabajo, la Comisi\u00f3n de Gobernaci\u00f3n y Puntos Constitucionales del Congreso local analiz\u00f3 las iniciativas que present\u00f3 el Gobernador Diego Sinhue Rodr\u00edguez, la primera, modifica la Ley Org\u00e1nica del Poder Ejecutivo y, la segunda, expide la Ley Org\u00e1nica del Centro de Conciliaci\u00f3n Laboral del Estado de Guanajuato, ambas propuestas forman parte de la reforma integral en materia de justicia laboral.<\/p>\n<p>De acuerdo a la segunda propuesta, dicha Ley busca crear el Centro de Conciliaci\u00f3n Laboral, el cual ser\u00e1 un organismo p\u00fablico descentralizado del Gobierno del Estado; asimismo tiene como objetivos regular su integraci\u00f3n, estructura, organizaci\u00f3n, funcionamiento y atribuciones.<\/p>\n<p>El Centro realizar\u00e1 la funci\u00f3n conciliatoria laboral en el \u00e1mbito local; celebrar los convenios entre las partes del conflicto laboral de conformidad con la Ley Federal del Trabajo; adem\u00e1s de colaborar con el Tribunal de Conciliaci\u00f3n y Arbitraje para los Trabajadores al Servicio del Estado y de los Municipios, entre otras m\u00e1s.<\/p>\n<p>Por otro lado, el organismo estar\u00e1 conformado por una Junta de Gobierno, un Director General, Conciliadores, Notificadores, \u00d3rgano Interno de Control, Delegaciones Regionales, entre otros.<\/p>\n<p>Cabe destacar, que la iniciativa busca integrar el Instituto de Capacitaci\u00f3n y Formaci\u00f3n en Conciliaci\u00f3n a fin de contribuir a la formaci\u00f3n, capacitaci\u00f3n, actualizaci\u00f3n y certificaci\u00f3n del personal conforme a la tarea que desempe\u00f1ar\u00e1n.<\/p>\n<p>Finalmente, la presidenta de esta instancia legislativa, diputada Libia Garc\u00eda, agradeci\u00f3 las aportaciones y comentarios de quienes participaron.<\/p>\n<p>Estuvieron presentes en los trabajos, los diputados del PAN Cristina M\u00e1rquez y Guadalupe Vera, as\u00ed como representantes del Poder Judicial del Estado, de la Coordinaci\u00f3n Jur\u00eddica del Poder Ejecutivo, la Procuradur\u00eda de los Derechos Humano y asesores parlamentarios.<\/p>\n","protected":false},"excerpt":{"rendered":"","protected":false},"author":1,"featured_media":2821,"comment_status":"open","ping_status":"open","sticky":false,"template":"","format":"standard","meta":[],"categories":[6],"tags":[],"_links":{"self":[{"href":"https:\/\/inforedguanajuato.com\/index.php?rest_route=\/wp\/v2\/posts\/2820"}],"collection":[{"href":"https:\/\/inforedguanajuato.com\/index.php?rest_route=\/wp\/v2\/posts"}],"about":[{"href":"https:\/\/inforedguanajuato.com\/index.php?rest_route=\/wp\/v2\/types\/post"}],"author":[{"embeddable":true,"href":"https:\/\/inforedguanajuato.com\/index.php?rest_route=\/wp\/v2\/users\/1"}],"replies":[{"embeddable":true,"href":"https:\/\/inforedguanajuato.com\/index.php?rest_route=%2Fwp%2Fv2%2Fcomments&post=2820"}],"version-history":[{"count":1,"href":"https:\/\/inforedguanajuato.com\/index.php?rest_route=\/wp\/v2\/posts\/2820\/revisions"}],"predecessor-version":[{"id":2822,"href":"https:\/\/inforedguanajuato.com\/index.php?rest_route=\/wp\/v2\/posts\/2820\/revisions\/2822"}],"wp:featuredmedia":[{"embeddable":true,"href":"https:\/\/inforedguanajuato.com\/index.php?rest_route=\/wp\/v2\/media\/2821"}],"wp:attachment":[{"href":"https:\/\/inforedguanajuato.com\/index.php?rest_route=%2Fwp%2Fv2%2Fmedia&parent=2820"}],"wp:term":[{"taxonomy":"category","embeddable":true,"href":"https:\/\/inforedguanajuato.com\/index.php?rest_route=%2Fwp%2Fv2%2Fcategories&post=2820"},{"taxonomy":"post_tag","embeddable":true,"href":"https:\/\/inforedguanajuato.com\/index.php?rest_route=%2Fwp%2Fv2%2Ftags&post=2820"}],"curies":[{"name":"wp","href":"https:\/\/api.w.org\/{rel}","templated":true}]}}