{"id":3054,"date":"2020-07-08T12:52:33","date_gmt":"2020-07-08T17:52:33","guid":{"rendered":"http:\/\/inforedguanajuato.com\/?p=3054"},"modified":"2020-07-08T12:52:33","modified_gmt":"2020-07-08T17:52:33","slug":"inaugura-gobernador-webinar-ciudades-sostenibles-y-resilientes","status":"publish","type":"post","link":"https:\/\/inforedguanajuato.com\/?p=3054","title":{"rendered":"INAUGURA GOBERNADOR WEBINAR CIUDADES SOSTENIBLES Y RESILIENTES"},"content":{"rendered":"<p><!--more--><\/p>\n<p>Guanajuato, Gto. 08 de julio de 2020.- El Gobernador del Estado de Guanajuato, Diego Sinhue Rodr\u00edguez Vallejo, inaugur\u00f3 el Webinar \u201cCiudades Sostenibles y Resilientes de la Alianza Centro Baj\u00edo Occidente\u201d, para junto con la Fundaci\u00f3n alemana Konrad Adenauer, buscar alternativas de desarrollo y la promoci\u00f3n de una econom\u00eda sustentable.<\/p>\n<p>Con el conocimiento de expertos nacionales e internacionales, as\u00ed como el intercambio de experiencias entre las autoridades, se podr\u00e1n dise\u00f1ar e implementar nuevas pol\u00edticas p\u00fablicas para las ciudades que conforman la Alianza Centro Baj\u00edo Occidente (Guanajuato, Quer\u00e9taro, Aguascalientes, Jalisco y San Luis Potos\u00ed).<\/p>\n<p>\u201cHoy todas y todos coincidimos, que nuestras ciudades enfrentan retos de gran magnitud, por lo que tenemos que buscar pol\u00edticas, programas y proyectos que fomenten la reducci\u00f3n de riesgos de desastres, la resiliencia en ciudades y el desarrollo sostenible.<\/p>\n<p>\u201cNuestro compromiso es seguir impulsando ciudades con rostro humano con un entorno m\u00e1s sano, confortable y accesible. Tengan la seguridad que seguiremos haciendo alianzas, creando puentes y dialogando con el mundo, por el bien de nuestra gente. Vamos a seguir sumando, consensando y tomando decisiones que construyan el bien com\u00fan\u201d, dijo el Gobernador.<\/p>\n<p>Por su parte, la Secretar\u00eda de Medio Ambiente y Ordenamiento Territorial, Mar\u00eda Isabel Ortiz Mantilla, dijo que Guanajuato tiene muestras del cambio clim\u00e1tico, y como ejemplo record\u00f3 que de 1970 a 2016, en el Estado se ha incrementado la temperatura en un grado<\/p>\n<p>&nbsp;<\/p>\n<p>&nbsp;<\/p>\n<p>&nbsp;<\/p>\n<p>&nbsp;<\/p>\n<p>cent\u00edgrado, adem\u00e1s del aumento de lluvias at\u00edpicas, d\u00edas consecutivos sin lluvia, ondas de calor importantes, entre otros fen\u00f3menos naturales que dan muestra de que el cambio clim\u00e1tico est\u00e1 presente en el estado.<\/p>\n<p>Dijo que si se toma en cuenta el deterioro ambiental y erosi\u00f3n de suelos se podr\u00eda entrar en un riesgo importante donde se incrementen los desastres y costos; por ende, se quieren evitar estas cat\u00e1strofes, ya que las ciudades son vulnerables al cambio clim\u00e1tico por la concentraci\u00f3n de calor, por la densidad poblacional y por insuficiencia de servicios<\/p>\n<p>&#8220;Pr\u00e1cticamente el 90 por ciento de los centros urbanos est\u00e1n en riesgo de desastre, entre huracanes, inundaciones, sequ\u00edas o estar ante el cambio clim\u00e1tico; por ello, la apuesta es el desarrollo sostenible como una pieza clave para ciudades resilientes y esas ciudades tambi\u00e9n tienen que apostarle a la transici\u00f3n por las energ\u00edas renovables y hacia una econom\u00eda verde&#8221;, dijo la Secretaria.<\/p>\n<p>En el Webinar, estuvieron Ann Kathrin Beck, representante adjunta de la delegaci\u00f3n de Konrad Adenauer en M\u00e9xico y Eduardo Walsh, gerente de proyectos de Konrad Adenauer en M\u00e9xico.<\/p>\n<p>Adem\u00e1s de los conferenciantes Esteban Le\u00f3n, Director del programa global para la Resiliencia Urbana de ONU-Habitat; y Amaya Celaya, Coordinadora de normativa y operaciones del programa global para la Resiliencia Urbana de ONU-Habitat.<\/p>\n<p>&nbsp;<\/p>\n<p>&nbsp;<\/p>\n","protected":false},"excerpt":{"rendered":"","protected":false},"author":1,"featured_media":3055,"comment_status":"open","ping_status":"open","sticky":false,"template":"","format":"standard","meta":[],"categories":[4],"tags":[],"_links":{"self":[{"href":"https:\/\/inforedguanajuato.com\/index.php?rest_route=\/wp\/v2\/posts\/3054"}],"collection":[{"href":"https:\/\/inforedguanajuato.com\/index.php?rest_route=\/wp\/v2\/posts"}],"about":[{"href":"https:\/\/inforedguanajuato.com\/index.php?rest_route=\/wp\/v2\/types\/post"}],"author":[{"embeddable":true,"href":"https:\/\/inforedguanajuato.com\/index.php?rest_route=\/wp\/v2\/users\/1"}],"replies":[{"embeddable":true,"href":"https:\/\/inforedguanajuato.com\/index.php?rest_route=%2Fwp%2Fv2%2Fcomments&post=3054"}],"version-history":[{"count":1,"href":"https:\/\/inforedguanajuato.com\/index.php?rest_route=\/wp\/v2\/posts\/3054\/revisions"}],"predecessor-version":[{"id":3056,"href":"https:\/\/inforedguanajuato.com\/index.php?rest_route=\/wp\/v2\/posts\/3054\/revisions\/3056"}],"wp:featuredmedia":[{"embeddable":true,"href":"https:\/\/inforedguanajuato.com\/index.php?rest_route=\/wp\/v2\/media\/3055"}],"wp:attachment":[{"href":"https:\/\/inforedguanajuato.com\/index.php?rest_route=%2Fwp%2Fv2%2Fmedia&parent=3054"}],"wp:term":[{"taxonomy":"category","embeddable":true,"href":"https:\/\/inforedguanajuato.com\/index.php?rest_route=%2Fwp%2Fv2%2Fcategories&post=3054"},{"taxonomy":"post_tag","embeddable":true,"href":"https:\/\/inforedguanajuato.com\/index.php?rest_route=%2Fwp%2Fv2%2Ftags&post=3054"}],"curies":[{"name":"wp","href":"https:\/\/api.w.org\/{rel}","templated":true}]}}